{"id":7798,"date":"2026-08-31T18:21:08","date_gmt":"2026-08-31T16:21:08","guid":{"rendered":"https:\/\/francoiserenaud.com\/terrainfragile\/?p=7798"},"modified":"2026-08-31T18:21:11","modified_gmt":"2026-08-31T16:21:11","slug":"terrain-fragile-journal-de-saison-mois-daout-2026","status":"publish","type":"post","link":"https:\/\/francoiserenaud.com\/terrainfragile\/terrain-fragile-journal-de-saison-mois-daout-2026\/","title":{"rendered":"TERRAIN FRAGILE | journal de saison, mois d&rsquo;ao\u00fbt 2026"},"content":{"rendered":"\n<p class=\"wp-block-paragraph\" style=\"font-size:clamp(14.082px, 0.88rem + ((1vw - 3.2px) * 0.612), 21px);\"><strong><em>samedi 1er ao\u00fbt 2026, domaine des Foug\u00e8res<\/em><\/strong><br \/>Au dernier jour du mois, j&rsquo;\u00e9dite le journal &#8212; un geste lib\u00e9rateur. Au matin suivant me parviennent les premiers commentaires alors que j&rsquo;ouvre une page vierge. Rien jamais ne s&rsquo;interrompt. La saison se poursuit, l&rsquo;\u00e9criture se poursuit, comme tous les matins Alba vient aux nouvelles du c\u00f4t\u00e9 de la terrasse en gloussant. <br \/>Jusqu&rsquo;\u00e0 quand la vie encore ?<\/p>\n\n\n\n<p class=\"wp-block-paragraph\" style=\"font-size:clamp(14.082px, 0.88rem + ((1vw - 3.2px) * 0.612), 21px);\"><strong><em>dimanche 2 ao\u00fbt, au bord de l\u2019\u00e9tang<\/em><\/strong><em><strong> <\/strong><\/em><br \/>Jour de f\u00eate locale. Mon stand de livres est install\u00e9 sur le pr\u00e9 jauni, presque soyeux sous le pied nu. <a href=\"https:\/\/www.francoiserenaud.com\/2026\/08\/03\/fete-de-letang-a-chamborand-dimanche-2-aout-2026\/\" target=\"_blank\" rel=\"noreferrer noopener\"><strong>Quelques heures offertes<\/strong><\/a> \u00e0 discuter et partager au gr\u00e9 des passages. Le soleil impitoyable me chasse au milieu de l&rsquo;apr\u00e8s-midi.<\/p>\n\n\n\n<p class=\"has-text-align-center has-medium-font-size wp-block-paragraph\"><em>corps cuit yeux secs<\/em><br \/><em>remonte le chaud<\/em> <em>de la terre<br \/>nous cherchons l&rsquo;eau<\/em><\/p>\n\n\n\n<p class=\"wp-block-paragraph\" style=\"font-size:clamp(14.082px, 0.88rem + ((1vw - 3.2px) * 0.612), 21px);\"><strong><em>lundi 3 ao\u00fbt<\/em><\/strong><br \/>\u00c0 chaque mois sa palette. Celle d&rsquo;ao\u00fbt sera marqu\u00e9e par une grande s\u00e9cheresse. Quelques plantes remarquables affirment leur r\u00e9sistance au stress hydrique. Par ici un peu de chair color\u00e9e, mais il faudra beaucoup de pluie pour ranimer les cendres. O\u00f9 vais-je porter les yeux pour saisir, donner id\u00e9e du sec, du br\u00fbl\u00e9, du presque \u00e9teint ? <br \/><\/p>\n\n\n\n<div style=\"height:25px\" aria-hidden=\"true\" class=\"wp-block-spacer\"><\/div>\n\n\n\n<figure class=\"wp-block-image size-full\"><img loading=\"lazy\" decoding=\"async\" width=\"2560\" height=\"1440\" src=\"https:\/\/francoiserenaud.com\/terrainfragile\/wp-content\/uploads\/2026\/08\/P1220709.jpg\" alt=\"\" class=\"wp-image-7838\" srcset=\"https:\/\/francoiserenaud.com\/terrainfragile\/wp-content\/uploads\/2026\/08\/P1220709.jpg 2560w, https:\/\/francoiserenaud.com\/terrainfragile\/wp-content\/uploads\/2026\/08\/P1220709-300x169.jpg 300w, https:\/\/francoiserenaud.com\/terrainfragile\/wp-content\/uploads\/2026\/08\/P1220709-824x464.jpg 824w, https:\/\/francoiserenaud.com\/terrainfragile\/wp-content\/uploads\/2026\/08\/P1220709-2000x1125.jpg 2000w\" sizes=\"auto, (max-width: 2560px) 100vw, 2560px\" \/><\/figure>\n\n\n\n<div style=\"height:19px\" aria-hidden=\"true\" class=\"wp-block-spacer\"><\/div>\n\n\n\n<figure class=\"wp-block-image aligncenter size-full\"><img loading=\"lazy\" decoding=\"async\" width=\"2560\" height=\"1440\" src=\"https:\/\/francoiserenaud.com\/terrainfragile\/wp-content\/uploads\/2026\/07\/P1220621.jpg\" alt=\"\" class=\"wp-image-7671\" srcset=\"https:\/\/francoiserenaud.com\/terrainfragile\/wp-content\/uploads\/2026\/07\/P1220621.jpg 2560w, https:\/\/francoiserenaud.com\/terrainfragile\/wp-content\/uploads\/2026\/07\/P1220621-300x169.jpg 300w, https:\/\/francoiserenaud.com\/terrainfragile\/wp-content\/uploads\/2026\/07\/P1220621-824x464.jpg 824w, https:\/\/francoiserenaud.com\/terrainfragile\/wp-content\/uploads\/2026\/07\/P1220621-2000x1125.jpg 2000w\" sizes=\"auto, (max-width: 2560px) 100vw, 2560px\" \/><\/figure>\n\n\n\n<div style=\"height:25px\" aria-hidden=\"true\" class=\"wp-block-spacer\"><\/div>\n\n\n\n<p class=\"wp-block-paragraph\" style=\"font-size:clamp(14.082px, 0.88rem + ((1vw - 3.2px) * 0.612), 21px);\"><strong><em>mardi 4 ao\u00fbt<\/em><\/strong><br \/>Tout ce qu&rsquo;avait compris Tertullien (extrait de son <em>Trait\u00e9 de l&rsquo;\u00e2me<\/em>, chapitre XXX &#8211; vers 210-213 apr\u00e8s J.-C.).<\/p>\n\n\n\n<p class=\"wp-block-paragraph\" style=\"font-size:clamp(14px, 0.875rem + ((1vw - 3.2px) * 0.354), 18px);\">\u00ab Assur\u00e9ment il suffit de jeter les yeux sur l\u2019univers pour reconna\u00eetre qu\u2019il devient de jour en jour plus riche et plus peupl\u00e9 qu\u2019autrefois. Tout est fray\u00e9 ; tout est connu ; tout s\u2019ouvre au commerce. De riantes m\u00e9tairies ont effac\u00e9 les d\u00e9serts les plus fameux ; les champs ont dompt\u00e9 les for\u00eats ; les troupeaux ont mis en fuite les animaux sauvages ; les sables sont ensemenc\u00e9s ; l\u2019arbre cro\u00eet sur les pierres ; les marais sont dess\u00e9ch\u00e9s ; il s\u2019\u00e9l\u00e8ve plus de villes aujourd\u2019hui qu\u2019autrefois de masures. Les \u00eeles ont cess\u00e9 d\u2019\u00eatre un lieu d\u2019horreur ; les rochers n\u2019ont plus rien qui \u00e9pouvante ; partout des maisons, partout un peuple, partout une r\u00e9publique, partout la vie. Comme t\u00e9moignage d\u00e9cisif de l\u2019accroissement du genre humain, nous sommes un fardeau pour le monde ; \u00e0 peine si les \u00e9l\u00e9ments nous suffisent ; les n\u00e9cessit\u00e9s deviennent plus pressantes ; cette plainte est dans toutes les bouches : la nature va nous manquer \u00bb. <\/p>\n\n\n\n<p class=\"has-text-align-right has-small-font-size wp-block-paragraph\"><em>(cit\u00e9 par Tanguy Viel lors de sa conf\u00e9rence donn\u00e9e au Banquet du livre de Lagrasse, 30 juillet 2026)<\/em><\/p>\n\n\n\n<p class=\"wp-block-paragraph\" style=\"font-size:clamp(14.082px, 0.88rem + ((1vw - 3.2px) * 0.612), 21px);\"><strong><em>mercredi 5 ao\u00fbt<\/em><\/strong><br \/>La chatte au poil si doux m&rsquo;apporte l&rsquo;objet de sa chasse et je la f\u00e9licite. <br \/><\/p>\n\n\n\n<p class=\"wp-block-paragraph\" style=\"font-size:clamp(14.082px, 0.88rem + ((1vw - 3.2px) * 0.612), 21px);\"><strong><em>jeudi 6 ao\u00fbt<\/em><\/strong><br \/>D\u00e9pos\u00e9 un \u00e9cho sur le journal de Philippe<strong><em> <a href=\"https:\/\/philippe-castelneau.com\/2026\/08\/02\/le-bruit-des-jours-%c2%b7-2-aout-2026\/\" target=\"_blank\" rel=\"noreferrer noopener\">Le Bruit des jours du 2 ao\u00fbt<\/a><\/em><\/strong> qui parle de la col\u00e8re.<br \/>\u00ab Nous sommes ce corps depuis longtemps et nous ne savons pas qui il est <br \/>\u2026 et la col\u00e8re dissimule le vrai dans le feu.<br \/>Alors il faut qu\u2019elle s\u2019\u00e9panche pour commencer \u00e0 reb\u00e2tir. \u00bb<\/p>\n\n\n\n<p class=\"has-text-align-center has-medium-font-size wp-block-paragraph\"><em>l&rsquo;image est forte<br \/>se reconna\u00eetre chez Basquiat<br \/>toile sang col\u00e8re<\/em><br \/><\/p>\n\n\n\n<div style=\"height:25px\" aria-hidden=\"true\" class=\"wp-block-spacer\"><\/div>\n\n\n\n<figure class=\"wp-block-image alignwide size-full\"><img loading=\"lazy\" decoding=\"async\" width=\"2560\" height=\"1440\" src=\"https:\/\/francoiserenaud.com\/terrainfragile\/wp-content\/uploads\/2026\/08\/P1220715.jpg\" alt=\"\" class=\"wp-image-7834\" srcset=\"https:\/\/francoiserenaud.com\/terrainfragile\/wp-content\/uploads\/2026\/08\/P1220715.jpg 2560w, https:\/\/francoiserenaud.com\/terrainfragile\/wp-content\/uploads\/2026\/08\/P1220715-300x169.jpg 300w, https:\/\/francoiserenaud.com\/terrainfragile\/wp-content\/uploads\/2026\/08\/P1220715-824x464.jpg 824w, https:\/\/francoiserenaud.com\/terrainfragile\/wp-content\/uploads\/2026\/08\/P1220715-2000x1125.jpg 2000w\" sizes=\"auto, (max-width: 2560px) 100vw, 2560px\" \/><\/figure>\n\n\n\n<div style=\"height:22px\" aria-hidden=\"true\" class=\"wp-block-spacer\"><\/div>\n\n\n\n<p class=\"wp-block-paragraph\" style=\"font-size:clamp(14.082px, 0.88rem + ((1vw - 3.2px) * 0.612), 21px);\"><strong><em>vendredi 7 ao\u00fbt<\/em><\/strong><br \/>Fin de matin\u00e9e. J&rsquo;assiste \u00e0 une <a href=\"https:\/\/www.francoiserenaud.com\/2026\/08\/09\/parcours-a-trois-voix-23-aout-2026\/\" target=\"_blank\" rel=\"noreferrer noopener\"><strong>visite comment\u00e9e \u00e0 B\u00e9n\u00e9vent l&rsquo;Abbaye<\/strong><\/a> autour d&rsquo;une \u0153uvre du plasticien suisse Robert-Tissot et de l&rsquo;abbatiale du XIIe si\u00e8cle. Le c\u00f4toiement de certaines \u0153uvres devient magique quand les guides montrent le chemin.<\/p>\n\n\n\n<p class=\"wp-block-paragraph\" style=\"font-size:clamp(14.082px, 0.88rem + ((1vw - 3.2px) * 0.612), 21px);\"><strong><em>samedi 8 ao\u00fbt<\/em><\/strong><br \/>Je peux estimer la temp\u00e9rature du jour \u00e0 la dur\u00e9e d&rsquo;absence de ma chatte grise. J&rsquo;ai men\u00e9 l&rsquo;enqu\u00eate pour savoir o\u00f9 elle dispara\u00eet sit\u00f4t franchi le seuil des 30\u00b0 et de quoi est fait son g\u00eete. C&rsquo;est un arbuste \u00e9pais aux branches rampantes qui procure de l&rsquo;ombre et dont l&rsquo;aire est moelleuse et fra\u00eeche, tapiss\u00e9e de feuilles s\u00e8ches. Rien ne peut l&rsquo;en d\u00e9loger sinon la faim.<\/p>\n\n\n\n<p class=\"wp-block-paragraph\" style=\"font-size:clamp(14.082px, 0.88rem + ((1vw - 3.2px) * 0.612), 21px);\"><strong><em>dimanche 9 ao\u00fbt<\/em><\/strong><br \/>Et c&rsquo;est du potager que vont venir les fleurs nouvelles. La menthe la premi\u00e8re a pouss\u00e9 quelques inflorescences mauves et parfum\u00e9es suite aux maigres orages. J&rsquo;en cueille un brin pour parfumer la salade de tomates.<\/p>\n\n\n\n<p class=\"wp-block-paragraph\" style=\"font-size:clamp(14.082px, 0.88rem + ((1vw - 3.2px) * 0.612), 21px);\">Et je retiens les pens\u00e9es, je les note avant de les \u00e9garer&#8230;<\/p>\n\n\n\n<p class=\"has-text-align-center wp-block-paragraph\" style=\"font-size:clamp(14px, 0.875rem + ((1vw - 3.2px) * 0.531), 20px);\"><em>s&rsquo;enfuient les mots<br \/>comme des notes de musique<br \/>monte la fi\u00e8vre<\/em><\/p>\n\n\n\n<div style=\"height:21px\" aria-hidden=\"true\" class=\"wp-block-spacer\"><\/div>\n\n\n\n<figure class=\"wp-block-image alignwide size-full\"><img loading=\"lazy\" decoding=\"async\" width=\"2560\" height=\"1440\" src=\"https:\/\/francoiserenaud.com\/terrainfragile\/wp-content\/uploads\/2026\/08\/P1220720.jpg\" alt=\"\" class=\"wp-image-7842\" srcset=\"https:\/\/francoiserenaud.com\/terrainfragile\/wp-content\/uploads\/2026\/08\/P1220720.jpg 2560w, https:\/\/francoiserenaud.com\/terrainfragile\/wp-content\/uploads\/2026\/08\/P1220720-300x169.jpg 300w, https:\/\/francoiserenaud.com\/terrainfragile\/wp-content\/uploads\/2026\/08\/P1220720-824x464.jpg 824w, https:\/\/francoiserenaud.com\/terrainfragile\/wp-content\/uploads\/2026\/08\/P1220720-2000x1125.jpg 2000w\" sizes=\"auto, (max-width: 2560px) 100vw, 2560px\" \/><\/figure>\n\n\n\n<div style=\"height:27px\" aria-hidden=\"true\" class=\"wp-block-spacer\"><\/div>\n\n\n\n<div style=\"height:32px\" aria-hidden=\"true\" class=\"wp-block-spacer\"><\/div>\n\n\n\n<p class=\"wp-block-paragraph\" style=\"font-size:clamp(14.082px, 0.88rem + ((1vw - 3.2px) * 0.612), 21px);\"><strong><em>lundi 10 ao\u00fbt, Les Foug\u00e8res<\/em><\/strong><br \/>Une amie m&rsquo;a fait d\u00e9couvrir la <a href=\"https:\/\/bridiers.fr\/\"><strong>fresque historique de Bridiers<\/strong><\/a>. Encore ce matin je demeure sous le charme de ce spectacle f\u00e9\u00e9rique. <br \/>Le site m\u00e9di\u00e9val sert de d\u00e9cor avec donjon restaur\u00e9 du XIIe si\u00e8cle, remparts, terrasses, jardin m\u00e9dicinal tel symbole du paradis perdu. 500 b\u00e9n\u00e9voles engag\u00e9s dans ce projet. Un an de travail, un accueil joyeux, un incroyable partage. Cette aventure humaine ranime en moi de l&rsquo;espoir.<\/p>\n\n\n\n<p class=\"has-text-align-center wp-block-paragraph\" style=\"font-size:clamp(14px, 0.875rem + ((1vw - 3.2px) * 0.531), 20px);\"><em>au mitan de la nuit<br \/>d&rsquo;o\u00f9 vient l&rsquo;intense \u00e9motion ?<\/em><br \/><em>telle sueur de pierre<\/em><br \/><\/p>\n\n\n\n<div style=\"height:23px\" aria-hidden=\"true\" class=\"wp-block-spacer\"><\/div>\n\n\n\n<figure class=\"wp-block-image size-full\"><img loading=\"lazy\" decoding=\"async\" width=\"2560\" height=\"1920\" src=\"https:\/\/francoiserenaud.com\/terrainfragile\/wp-content\/uploads\/2026\/08\/20260809_192626-scaled.jpg\" alt=\"\" class=\"wp-image-7868\" srcset=\"https:\/\/francoiserenaud.com\/terrainfragile\/wp-content\/uploads\/2026\/08\/20260809_192626-scaled.jpg 2560w, https:\/\/francoiserenaud.com\/terrainfragile\/wp-content\/uploads\/2026\/08\/20260809_192626-300x225.jpg 300w, https:\/\/francoiserenaud.com\/terrainfragile\/wp-content\/uploads\/2026\/08\/20260809_192626-824x618.jpg 824w, https:\/\/francoiserenaud.com\/terrainfragile\/wp-content\/uploads\/2026\/08\/20260809_192626-2000x1500.jpg 2000w\" sizes=\"auto, (max-width: 2560px) 100vw, 2560px\" \/><\/figure>\n\n\n\n<div style=\"height:27px\" aria-hidden=\"true\" class=\"wp-block-spacer\"><\/div>\n\n\n\n<figure class=\"wp-block-image size-full\"><img loading=\"lazy\" decoding=\"async\" width=\"2560\" height=\"1956\" src=\"https:\/\/francoiserenaud.com\/terrainfragile\/wp-content\/uploads\/2026\/08\/20260809_192713-scaled.jpg\" alt=\"\" class=\"wp-image-7873\" srcset=\"https:\/\/francoiserenaud.com\/terrainfragile\/wp-content\/uploads\/2026\/08\/20260809_192713-scaled.jpg 2560w, https:\/\/francoiserenaud.com\/terrainfragile\/wp-content\/uploads\/2026\/08\/20260809_192713-300x229.jpg 300w, https:\/\/francoiserenaud.com\/terrainfragile\/wp-content\/uploads\/2026\/08\/20260809_192713-824x630.jpg 824w, https:\/\/francoiserenaud.com\/terrainfragile\/wp-content\/uploads\/2026\/08\/20260809_192713-2000x1528.jpg 2000w\" sizes=\"auto, (max-width: 2560px) 100vw, 2560px\" \/><\/figure>\n\n\n\n<div style=\"height:25px\" aria-hidden=\"true\" class=\"wp-block-spacer\"><\/div>\n\n\n\n<p class=\"wp-block-paragraph\" style=\"font-size:clamp(14.082px, 0.88rem + ((1vw - 3.2px) * 0.612), 21px);\"><strong><em>mardi 11 ao\u00fbt<\/em><\/strong><br \/>La chaleur augmente chaque jour et la chatte dispara\u00eet de plus en plus longtemps. Je veille sur Alba et Lisa, appelle ma petite m\u00e8re au bord de la mer, re\u00e7ois des nouvelles de l&rsquo;amie Do qui randonne en montagne et une lettre de Philippe C. qui cherche une nouvelle douceur dans sa solitude. Ses images prises en Arles pr\u00e9sent\u00e9es dans <strong><a href=\"https:\/\/bruitblanc.substack.com\/p\/bruitblanc-n-17?utm_source=post-email-title&amp;publication_id=3574712&amp;post_id=210436057&amp;utm_campaign=email-post-title&amp;isFreemail=true&amp;r=1wgr0&amp;triedRedirect=true&amp;utm_medium=email\" target=\"_blank\" rel=\"noreferrer noopener\">Bruit\/Blanc #17<\/a> <\/strong>soulignent la particularit\u00e9 de la photographie de rue qu&rsquo;il d\u00e9finit comme \u00ab\u00a0un dialogue permanent entre le hasard et nos \u00e9motions int\u00e9rieures\u00a0\u00bb.<br \/><br \/><strong><em>mercredi 12<\/em><\/strong> <strong><em>ao\u00fbt<\/em><\/strong><br \/>Des nuages noirs sont mont\u00e9s de l&rsquo;ouest et ont masqu\u00e9 l&rsquo;\u00e9clipse. Atmosph\u00e8re irrespirable. Il fait si chaud et si sombre \u00e0 la fois que les oiseaux se sont tus et que les poules se sont immobilis\u00e9es au seuil de leur cabane.<\/p>\n\n\n\n<p class=\"wp-block-paragraph\" style=\"font-size:clamp(14.082px, 0.88rem + ((1vw - 3.2px) * 0.612), 21px);\"><strong><em>jeudi 13 ao\u00fbt<\/em><\/strong><br \/>Le temps me manque. Le temps m&rsquo;\u00e9chappe.<\/p>\n\n\n\n<div style=\"height:29px\" aria-hidden=\"true\" class=\"wp-block-spacer\"><\/div>\n\n\n\n<figure class=\"wp-block-image alignwide size-full\"><img loading=\"lazy\" decoding=\"async\" width=\"2560\" height=\"1440\" src=\"https:\/\/francoiserenaud.com\/terrainfragile\/wp-content\/uploads\/2026\/08\/P1220719.jpg\" alt=\"\" class=\"wp-image-7839\" srcset=\"https:\/\/francoiserenaud.com\/terrainfragile\/wp-content\/uploads\/2026\/08\/P1220719.jpg 2560w, https:\/\/francoiserenaud.com\/terrainfragile\/wp-content\/uploads\/2026\/08\/P1220719-300x169.jpg 300w, https:\/\/francoiserenaud.com\/terrainfragile\/wp-content\/uploads\/2026\/08\/P1220719-824x464.jpg 824w, https:\/\/francoiserenaud.com\/terrainfragile\/wp-content\/uploads\/2026\/08\/P1220719-2000x1125.jpg 2000w\" sizes=\"auto, (max-width: 2560px) 100vw, 2560px\" \/><\/figure>\n\n\n\n<div style=\"height:30px\" aria-hidden=\"true\" class=\"wp-block-spacer\"><\/div>\n\n\n\n<p class=\"wp-block-paragraph\" style=\"font-size:clamp(14.082px, 0.88rem + ((1vw - 3.2px) * 0.612), 21px);\"><strong><em>vendredi 14 ao\u00fbt<\/em><\/strong><br \/>Patricia est arriv\u00e9e hier en pleine chaleur. Nos paroles se rejoignent tout en esp\u00e9rant la venue des orages. Une sacr\u00e9e belle journ\u00e9e ensemble.<\/p>\n\n\n\n<p class=\"wp-block-paragraph\" style=\"font-size:clamp(14.082px, 0.88rem + ((1vw - 3.2px) * 0.612), 21px);\"><strong><em>samedi 15 ao\u00fbt <\/em><\/strong><br \/>C&rsquo;est Catherine qui me donne \u00e0 d\u00e9couvrir ce fragment puis\u00e9 dans <em>La for\u00eat de Fontainebleau<\/em>, un texte sombre et visionnaire \u00e9crit par George Sand autour de la place des arbres et de l&rsquo;humain dans la nature.<\/p>\n\n\n\n<p class=\"wp-block-paragraph\" style=\"font-size:clamp(14.082px, 0.88rem + ((1vw - 3.2px) * 0.612), 21px);\">\u00ab&nbsp;On peut appeler les savants \u00e0 d\u00e9montrer que les for\u00eats s\u00e9culaires sont un \u00e9l\u00e9ment essentiel de notre \u00e9quilibre physique, qu\u2019elles conservent dans leur sanctuaires des principes de vie qu\u2019on ne neutralise pas impun\u00e9ment et que tous les habitants de la France sont directement int\u00e9ress\u00e9s \u00e0 ne pas laisser d\u00e9pouiller la France de ses vastes ombrages. R\u00e9servoirs d\u2019humidit\u00e9 n\u00e9cessaires \u00e0 l\u2019air qu\u2019ils respirent et au sol qu\u2019ils exploitent. [&#8230;] Supprimer les arbres qui par leur ombre rendent au sol la fra\u00eecheur bue par leurs racines, vous d\u00e9truisez une harmonie n\u00e9cessaire, essentielle du milieu que vous habitez&nbsp;\u00bb<\/p>\n\n\n\n<p class=\"wp-block-paragraph\" style=\"font-size:clamp(14.082px, 0.88rem + ((1vw - 3.2px) * 0.612), 21px);\">Ce texte fait \u00e9cho \u00e0 l&rsquo;\u00e9change \u00e9cout\u00e9 \u00e0 la radio <strong><a href=\"https:\/\/www.radiofrance.fr\/franceculture\/podcasts\/l-invite-e-des-matins-d-ete\/amenager-et-imaginer-l-espace-avec-les-arbres-7393227\" target=\"_blank\" rel=\"noreferrer noopener\">Am\u00e9nager et imaginer l\u2019espace avec les arbres<\/a><\/strong> entre deux passionn\u00e9s des arbres, Thomas Brail grimpeur arboriste et Fabrice Hyber artiste semeur.<\/p>\n\n\n\n<p class=\"has-text-align-center has-medium-font-size wp-block-paragraph\"><em>faire cercle autour<\/em><br \/><em>son \u00e9corce rugueuse<\/em><br \/>&#8212; <em>et l&rsquo;arbre g\u00e9mit<\/em><br \/><\/p>\n\n\n\n<div style=\"height:30px\" aria-hidden=\"true\" class=\"wp-block-spacer\"><\/div>\n\n\n\n<figure class=\"wp-block-image alignwide size-full\"><img loading=\"lazy\" decoding=\"async\" width=\"2560\" height=\"1440\" src=\"https:\/\/francoiserenaud.com\/terrainfragile\/wp-content\/uploads\/2026\/08\/P1220762-1.jpg\" alt=\"\" class=\"wp-image-7954\" srcset=\"https:\/\/francoiserenaud.com\/terrainfragile\/wp-content\/uploads\/2026\/08\/P1220762-1.jpg 2560w, https:\/\/francoiserenaud.com\/terrainfragile\/wp-content\/uploads\/2026\/08\/P1220762-1-300x169.jpg 300w, https:\/\/francoiserenaud.com\/terrainfragile\/wp-content\/uploads\/2026\/08\/P1220762-1-824x464.jpg 824w, https:\/\/francoiserenaud.com\/terrainfragile\/wp-content\/uploads\/2026\/08\/P1220762-1-2000x1125.jpg 2000w\" sizes=\"auto, (max-width: 2560px) 100vw, 2560px\" \/><\/figure>\n\n\n\n<div style=\"height:28px\" aria-hidden=\"true\" class=\"wp-block-spacer\"><\/div>\n\n\n\n<p class=\"wp-block-paragraph\" style=\"font-size:clamp(14.082px, 0.88rem + ((1vw - 3.2px) * 0.612), 21px);\"><strong><em>dimanche 16 ao\u00fbt<\/em><\/strong><br \/>Nous et l&rsquo;espace entier, nous attendons la pluie. <br \/>Elle arrive dans la nuit. Je me l\u00e8ve pour la regarder, la sentir sur la peau. L&rsquo;odeur monte depuis la prairie s\u00e8che et le vent froisse le corps g\u00e9ant des arbres.<br \/>Au cours de cette m\u00eame nuit, ma petite m\u00e8re a r\u00eav\u00e9 de sa fille morte &#8212; une \u00e9motion dans sa voix que je ne connaissais pas.<\/p>\n\n\n\n<p class=\"has-text-align-center wp-block-paragraph\" style=\"font-size:clamp(14px, 0.875rem + ((1vw - 3.2px) * 0.531), 20px);\"><em><br \/>si loin dans l&rsquo;\u00e2ge <\/em><br \/><em>neuf ans avec sa petite<br \/>personne ne sait<\/em><br \/><\/p>\n\n\n\n<p class=\"wp-block-paragraph\" style=\"font-size:clamp(14.082px, 0.88rem + ((1vw - 3.2px) * 0.612), 21px);\"><strong><em>lundi 17 ao\u00fbt<\/em><\/strong><br \/>Ma visite r\u00e9cente \u00e0 Nohant a nourri mes r\u00e9flexions autour de mon choix de vie. Je comprends George qui se retranchait dans sa Vall\u00e9e noire, son fief, pour \u00e9chapper aux mondanit\u00e9s de la capitale et se vouait \u00e0 sa vie rurale plus \u00ab\u00a0vraie\u00a0\u00bb. Elle \u00e9crivait : \u00a0\u00bb Cette vall\u00e9e, c&rsquo;\u00e9tait moi-m\u00eame, c&rsquo;\u00e9tait le cadre, le v\u00eatement de sa propre existence\u00a0\u00bb. Un peu \u00e0 sa mani\u00e8re, les Foug\u00e8res sont devenues mon lieu naturel, mon refuge, mon oasis, mon champ po\u00e9tique.<\/p>\n\n\n\n<p class=\"has-text-align-center wp-block-paragraph\" style=\"font-size:clamp(14px, 0.875rem + ((1vw - 3.2px) * 0.531), 20px);\">J<em>&lsquo;y vis entour\u00e9e d&rsquo;arbres et d&rsquo;oiseaux. <br \/>J&rsquo;y puise mes images.<br \/>Jamais recluse, j&rsquo;y trouve une force \u00e0 poursuivre.<br \/>Je ne connais plus la ville, n&rsquo;ai plus le go\u00fbt de m&rsquo;y rendre &#8212; a-t-elle encore \u00e0 m&rsquo;apporter ? <br \/>\u00c0 mon gr\u00e9 j&rsquo;admire le ciel \u00e9toil\u00e9 par-dessus le coteau granitique, <br \/>go\u00fbte le silence habit\u00e9 de l&rsquo;aboiement des brocards et du cri aigu des l\u00e9rots. <br \/>Le pr\u00e9sent y est intense, <\/em><br \/><em>ma paix plus v\u00e9ritable.<br \/><\/em><\/p>\n\n\n\n<figure class=\"wp-block-image alignwide size-full\"><img loading=\"lazy\" decoding=\"async\" width=\"2560\" height=\"1440\" src=\"https:\/\/francoiserenaud.com\/terrainfragile\/wp-content\/uploads\/2026\/08\/P1220714.jpg\" alt=\"\" class=\"wp-image-7845\" srcset=\"https:\/\/francoiserenaud.com\/terrainfragile\/wp-content\/uploads\/2026\/08\/P1220714.jpg 2560w, https:\/\/francoiserenaud.com\/terrainfragile\/wp-content\/uploads\/2026\/08\/P1220714-300x169.jpg 300w, https:\/\/francoiserenaud.com\/terrainfragile\/wp-content\/uploads\/2026\/08\/P1220714-824x464.jpg 824w, https:\/\/francoiserenaud.com\/terrainfragile\/wp-content\/uploads\/2026\/08\/P1220714-2000x1125.jpg 2000w\" sizes=\"auto, (max-width: 2560px) 100vw, 2560px\" \/><\/figure>\n\n\n\n<div style=\"height:30px\" aria-hidden=\"true\" class=\"wp-block-spacer\"><\/div>\n\n\n\n<p class=\"wp-block-paragraph\" style=\"font-size:clamp(14.082px, 0.88rem + ((1vw - 3.2px) * 0.612), 21px);\"><strong><em>mardi 18 ao\u00fbt<\/em><\/strong><br \/>\u00c9cout\u00e9 le live de Gracia Bejjani qui s&rsquo;appuyait sur des entretiens de Julien Gracq. Suis-je myope ou presbyte dans ma fa\u00e7on d&rsquo;appr\u00e9hender le monde ? Il me semble emprunter tour \u00e0 tour ces deux profils selon le domaine de pratique. La photographie m&rsquo;entra\u00eene vers le d\u00e9tail alors que le texte me conduit vers le paysage qu&rsquo;il soit du pass\u00e9 ou du pr\u00e9sent. <br \/>Et toujours l&rsquo;enfance qui intervient fort par ici.<\/p>\n\n\n\n<p class=\"wp-block-paragraph\" style=\"font-size:clamp(14.082px, 0.88rem + ((1vw - 3.2px) * 0.612), 21px);\"><strong><em>mercredi 19 ao\u00fbt<\/em><\/strong><br \/>Jours difficiles, le corps en fatigue. Peut-\u00eatre trop longs les crawlings auxquels je m\u2019astreins au quotidien. Ou alors \u00e7a vient du fond, un \u00e9puisement que je ne parviens pas \u00e0 compenser. En attendant, je suis heureuse que mes hirondelles aient \u00e9lev\u00e9 deux couv\u00e9es. Toutes virevoltent ensemble dans la haute lumi\u00e8re et dorment toutes serr\u00e9es dans le m\u00eame nid.<\/p>\n\n\n\n<p class=\"wp-block-paragraph\" style=\"font-size:clamp(14.082px, 0.88rem + ((1vw - 3.2px) * 0.612), 21px);\">Je r\u00eave d&rsquo;un hiver froid qui me tiendrait \u00e0 la maison une fois qu&rsquo;elles seront reparties .<\/p>\n\n\n\n<p class=\"wp-block-paragraph\" style=\"font-size:clamp(14.082px, 0.88rem + ((1vw - 3.2px) * 0.612), 21px);\"><strong><em>jeudi 20 ao\u00fbt<\/em><\/strong><br \/>Le temps tourne, la fra\u00eecheur s&rsquo;installe, tout semble chang\u00e9. Plaid sur les genoux, je lis<a href=\"https:\/\/www.les-enlivreurs.fr\/2026\/08\/mi-aout-2026\/\" target=\"_blank\" rel=\"noreferrer noopener\"> <strong>Les Enlivreurs du 19 ao\u00fbt<\/strong><\/a> de Juliette dans sa montagne. Je lui dis me souvenir de mon p\u00e8re qui r\u00e2lait \u00e0 propos des touristes qui ne voulaient que du beau temps alors que lui d\u00e9sirait la pluie pour sa terre. L&rsquo;homme jardinier a c\u00e9d\u00e9 \u00e0 93 ans. <br \/>Il faut vivre longuement pour savoir quelle quantit\u00e9 d&rsquo;eau est n\u00e9cessaire pour alimenter un territoire et le rendre fertile. Avec la s\u00e9cheresse, les l\u00e9gumes n&rsquo;ont pas grossi, pommes, tomates, melons, aubergines. Il faudra s&rsquo;en contenter\u2026<\/p>\n\n\n\n<p class=\"has-text-align-center wp-block-paragraph\" style=\"font-size:clamp(14px, 0.875rem + ((1vw - 3.2px) * 0.531), 20px);\"><em>le sec l&rsquo;aride<br \/>\u00f4 sucs<\/em> <em>du jardin d&rsquo;antan<br \/>esp\u00e9rer la pluie<\/em><\/p>\n\n\n\n<div style=\"height:30px\" aria-hidden=\"true\" class=\"wp-block-spacer\"><\/div>\n\n\n\n<figure class=\"wp-block-image aligncenter size-full\"><img loading=\"lazy\" decoding=\"async\" width=\"2560\" height=\"1440\" src=\"https:\/\/francoiserenaud.com\/terrainfragile\/wp-content\/uploads\/2026\/08\/P122071_2.jpg\" alt=\"\" class=\"wp-image-7930\" srcset=\"https:\/\/francoiserenaud.com\/terrainfragile\/wp-content\/uploads\/2026\/08\/P122071_2.jpg 2560w, https:\/\/francoiserenaud.com\/terrainfragile\/wp-content\/uploads\/2026\/08\/P122071_2-300x169.jpg 300w, https:\/\/francoiserenaud.com\/terrainfragile\/wp-content\/uploads\/2026\/08\/P122071_2-824x464.jpg 824w, https:\/\/francoiserenaud.com\/terrainfragile\/wp-content\/uploads\/2026\/08\/P122071_2-2000x1125.jpg 2000w\" sizes=\"auto, (max-width: 2560px) 100vw, 2560px\" \/><\/figure>\n\n\n\n<div style=\"height:30px\" aria-hidden=\"true\" class=\"wp-block-spacer\"><\/div>\n\n\n\n<figure class=\"wp-block-image aligncenter size-full\"><img loading=\"lazy\" decoding=\"async\" width=\"2560\" height=\"1440\" src=\"https:\/\/francoiserenaud.com\/terrainfragile\/wp-content\/uploads\/2026\/08\/P1220724.jpg\" alt=\"\" class=\"wp-image-7958\" srcset=\"https:\/\/francoiserenaud.com\/terrainfragile\/wp-content\/uploads\/2026\/08\/P1220724.jpg 2560w, https:\/\/francoiserenaud.com\/terrainfragile\/wp-content\/uploads\/2026\/08\/P1220724-300x169.jpg 300w, https:\/\/francoiserenaud.com\/terrainfragile\/wp-content\/uploads\/2026\/08\/P1220724-824x464.jpg 824w, https:\/\/francoiserenaud.com\/terrainfragile\/wp-content\/uploads\/2026\/08\/P1220724-2000x1125.jpg 2000w\" sizes=\"auto, (max-width: 2560px) 100vw, 2560px\" \/><\/figure>\n\n\n\n<div style=\"height:30px\" aria-hidden=\"true\" class=\"wp-block-spacer\"><\/div>\n\n\n\n<figure class=\"wp-block-image aligncenter size-full\"><img loading=\"lazy\" decoding=\"async\" width=\"2560\" height=\"1440\" src=\"https:\/\/francoiserenaud.com\/terrainfragile\/wp-content\/uploads\/2026\/08\/P1220727.jpg\" alt=\"\" class=\"wp-image-7967\" srcset=\"https:\/\/francoiserenaud.com\/terrainfragile\/wp-content\/uploads\/2026\/08\/P1220727.jpg 2560w, https:\/\/francoiserenaud.com\/terrainfragile\/wp-content\/uploads\/2026\/08\/P1220727-300x169.jpg 300w, https:\/\/francoiserenaud.com\/terrainfragile\/wp-content\/uploads\/2026\/08\/P1220727-824x464.jpg 824w, https:\/\/francoiserenaud.com\/terrainfragile\/wp-content\/uploads\/2026\/08\/P1220727-2000x1125.jpg 2000w\" sizes=\"auto, (max-width: 2560px) 100vw, 2560px\" \/><\/figure>\n\n\n\n<div style=\"height:26px\" aria-hidden=\"true\" class=\"wp-block-spacer\"><\/div>\n\n\n\n<p class=\"wp-block-paragraph\" style=\"font-size:clamp(14.082px, 0.88rem + ((1vw - 3.2px) * 0.612), 21px);\"><strong><em>vendredi 21 ao\u00fbt, Les Foug\u00e8res<\/em><\/strong><br \/>13\u00b0 \u00e0 8 h. Oubli\u00e9e la br\u00fblure du soleil. Enfiler un gilet, se rendre au potager. Remplir le panier de l\u00e9gumes color\u00e9s.<\/p>\n\n\n\n<p class=\"wp-block-paragraph\" style=\"font-size:clamp(14.082px, 0.88rem + ((1vw - 3.2px) * 0.612), 21px);\"><strong><em>samedi 22 ao\u00fbt<\/em><\/strong><br \/>Pas un soir je ne manque d&rsquo;aller voir mes oiseaux dans leur nid suspendu en boue s\u00e9ch\u00e9e. D\u00e9sormais ils sont tous beaux et forts. Bient\u00f4t le long voyage.<\/p>\n\n\n\n<p class=\"has-text-align-center wp-block-paragraph\" style=\"font-size:clamp(14px, 0.875rem + ((1vw - 3.2px) * 0.531), 20px);\"><em>je les suivrai<br \/>avec les yeux du secret<\/em><br \/><em>improbable route<\/em><br \/><\/p>\n\n\n\n<p class=\"wp-block-paragraph\" style=\"font-size:clamp(14.082px, 0.88rem + ((1vw - 3.2px) * 0.612), 21px);\"><strong><em>dimanche 23 ao\u00fbt<\/em><\/strong><br \/>Le mois aurait pu s&rsquo;arr\u00eater l\u00e0, sur cette chute, sur ce futur, d&rsquo;autant que la saison n&rsquo;est plus la m\u00eame : arbres perdant leurs feuilles, foug\u00e8res d\u00e9j\u00e0 roussies. Le calendrier officiel se moque des \u00e9l\u00e9ments.<\/p>\n\n\n\n<p class=\"wp-block-paragraph\" style=\"font-size:clamp(14.082px, 0.88rem + ((1vw - 3.2px) * 0.612), 21px);\"><strong><em>lundi 24 ao\u00fbt<\/em><\/strong><br \/>Je lis <em>L&rsquo;Arbre aux oiseaux <\/em>(de Robin Wall Kimmerer, 2026) qui parle du partage des dons de la terre et de la gratitude r\u00e9ciproque. Le don est au c\u0153ur de la vie biologique. Quand je r\u00e9colte des courgettes ou des figues en quantit\u00e9, j&rsquo;en dispose un cageot au bord de la route, en donne \u00e0 mes voisins, les invite \u00e0 partager une tarte ou fais des confitures \u00e0 offrir en hiver. Nullement question d&rsquo;argent, seulement d&rsquo;\u00e9change et de joie.<\/p>\n\n\n\n<div style=\"height:26px\" aria-hidden=\"true\" class=\"wp-block-spacer\"><\/div>\n\n\n\n<figure class=\"wp-block-image size-full\"><img loading=\"lazy\" decoding=\"async\" width=\"2560\" height=\"1440\" src=\"https:\/\/francoiserenaud.com\/terrainfragile\/wp-content\/uploads\/2026\/08\/P1220771.jpg\" alt=\"\" class=\"wp-image-8020\" srcset=\"https:\/\/francoiserenaud.com\/terrainfragile\/wp-content\/uploads\/2026\/08\/P1220771.jpg 2560w, https:\/\/francoiserenaud.com\/terrainfragile\/wp-content\/uploads\/2026\/08\/P1220771-300x169.jpg 300w, https:\/\/francoiserenaud.com\/terrainfragile\/wp-content\/uploads\/2026\/08\/P1220771-824x464.jpg 824w, https:\/\/francoiserenaud.com\/terrainfragile\/wp-content\/uploads\/2026\/08\/P1220771-2000x1125.jpg 2000w\" sizes=\"auto, (max-width: 2560px) 100vw, 2560px\" \/><\/figure>\n\n\n\n<div style=\"height:26px\" aria-hidden=\"true\" class=\"wp-block-spacer\"><\/div>\n\n\n\n<figure class=\"wp-block-gallery has-nested-images columns-default is-cropped wp-block-gallery-1 is-layout-flex wp-block-gallery-is-layout-flex\">\n<figure class=\"wp-block-image size-large\"><img loading=\"lazy\" decoding=\"async\" width=\"824\" height=\"464\" data-id=\"7951\" src=\"https:\/\/francoiserenaud.com\/terrainfragile\/wp-content\/uploads\/2026\/08\/P1220758-824x464.jpg\" alt=\"\" class=\"wp-image-7951\" srcset=\"https:\/\/francoiserenaud.com\/terrainfragile\/wp-content\/uploads\/2026\/08\/P1220758-824x464.jpg 824w, https:\/\/francoiserenaud.com\/terrainfragile\/wp-content\/uploads\/2026\/08\/P1220758-300x169.jpg 300w, https:\/\/francoiserenaud.com\/terrainfragile\/wp-content\/uploads\/2026\/08\/P1220758-2000x1125.jpg 2000w\" sizes=\"auto, (max-width: 824px) 100vw, 824px\" \/><\/figure>\n\n\n\n<figure class=\"wp-block-image size-large\"><img loading=\"lazy\" decoding=\"async\" width=\"824\" height=\"618\" data-id=\"8057\" src=\"https:\/\/francoiserenaud.com\/terrainfragile\/wp-content\/uploads\/2026\/08\/20260809_165016-824x618.jpg\" alt=\"\" class=\"wp-image-8057\" srcset=\"https:\/\/francoiserenaud.com\/terrainfragile\/wp-content\/uploads\/2026\/08\/20260809_165016-824x618.jpg 824w, https:\/\/francoiserenaud.com\/terrainfragile\/wp-content\/uploads\/2026\/08\/20260809_165016-300x225.jpg 300w, https:\/\/francoiserenaud.com\/terrainfragile\/wp-content\/uploads\/2026\/08\/20260809_165016-2000x1500.jpg 2000w\" sizes=\"auto, (max-width: 824px) 100vw, 824px\" \/><\/figure>\n<\/figure>\n\n\n\n<div style=\"height:26px\" aria-hidden=\"true\" class=\"wp-block-spacer\"><\/div>\n\n\n\n<p class=\"wp-block-paragraph\" style=\"font-size:clamp(14.082px, 0.88rem + ((1vw - 3.2px) * 0.612), 21px);\"><strong><em>mardi 25 ao\u00fbt, Les Foug\u00e8res<\/em><\/strong><br \/>Songer aux landes de mon enfance, aux temp\u00eates, aux \u00e9cumes du grand oc\u00e9an.<\/p>\n\n\n\n<p class=\"wp-block-paragraph\" style=\"font-size:clamp(14.082px, 0.88rem + ((1vw - 3.2px) * 0.612), 21px);\"><strong><em>mercredi 26 ao\u00fbt<\/em><\/strong><br \/>Vent chaud, toujours pas d&rsquo;orage.<br \/><a href=\"https:\/\/www.francoiserenaud.com\/carnet-de-murmures\/\" target=\"_blank\" rel=\"noopener\"><strong><em>Carnet de Murmures<\/em> <\/strong><\/a>en main, je remonte au chapitre de fin d&rsquo;\u00e9t\u00e9 et relis plusieurs fois ces trois lignes &#8212; presque un ha\u00efku. Exactement l&rsquo;\u00e9tat du moment.<\/p>\n\n\n\n<p class=\"has-text-align-center has-medium-font-size wp-block-paragraph\"><em>CIEL TENDU \u00c0 \u00c9CLATER<br \/>REBORDS DU MONDE FLOUT\u00c9S<br \/>JUSTE ATTENDRE<\/em><\/p>\n\n\n\n<div style=\"height:22px\" aria-hidden=\"true\" class=\"wp-block-spacer\"><\/div>\n\n\n\n<figure class=\"wp-block-image alignwide size-full\"><img loading=\"lazy\" decoding=\"async\" width=\"2560\" height=\"1440\" src=\"https:\/\/francoiserenaud.com\/terrainfragile\/wp-content\/uploads\/2026\/08\/P1220800.jpg\" alt=\"\" class=\"wp-image-7973\" srcset=\"https:\/\/francoiserenaud.com\/terrainfragile\/wp-content\/uploads\/2026\/08\/P1220800.jpg 2560w, https:\/\/francoiserenaud.com\/terrainfragile\/wp-content\/uploads\/2026\/08\/P1220800-300x169.jpg 300w, https:\/\/francoiserenaud.com\/terrainfragile\/wp-content\/uploads\/2026\/08\/P1220800-824x464.jpg 824w, https:\/\/francoiserenaud.com\/terrainfragile\/wp-content\/uploads\/2026\/08\/P1220800-2000x1125.jpg 2000w\" sizes=\"auto, (max-width: 2560px) 100vw, 2560px\" \/><\/figure>\n\n\n\n<div style=\"height:22px\" aria-hidden=\"true\" class=\"wp-block-spacer\"><\/div>\n\n\n\n<p class=\"has-text-align-left wp-block-paragraph\" style=\"font-size:clamp(14.082px, 0.88rem + ((1vw - 3.2px) * 0.612), 21px);\"><strong><em>jeudi 27 ao\u00fbt<\/em><\/strong><br \/>Enfin il a plu dans la nuit. Comme une pulsation diff\u00e9rente du temps. Et la vague au N\u00e9pal a enseveli les gens de la vall\u00e9e \u00e0 cause de l&rsquo;effondrement d&rsquo;un glacier. L&rsquo;image ne me l\u00e2che pas.<\/p>\n\n\n\n<p class=\"has-text-align-left wp-block-paragraph\" style=\"font-size:clamp(14.082px, 0.88rem + ((1vw - 3.2px) * 0.612), 21px);\"><strong><em>vendredi 28 ao\u00fbt<\/em><\/strong><br \/>&#8230; je parle peu d&rsquo;\u00e9criture, me nourris de celle des autres.<br \/>Une douce tristesse se r\u00e9pand en moi. Hier les hirondelles sont parties, nid d\u00e9sert\u00e9. Leurs gorges couleur brique et leurs rondes me manquent.<\/p>\n\n\n\n<div style=\"height:22px\" aria-hidden=\"true\" class=\"wp-block-spacer\"><\/div>\n\n\n\n<figure class=\"wp-block-image aligncenter size-full\"><img loading=\"lazy\" decoding=\"async\" width=\"2560\" height=\"1440\" src=\"https:\/\/francoiserenaud.com\/terrainfragile\/wp-content\/uploads\/2026\/08\/P1220808.jpg\" alt=\"\" class=\"wp-image-8019\" srcset=\"https:\/\/francoiserenaud.com\/terrainfragile\/wp-content\/uploads\/2026\/08\/P1220808.jpg 2560w, https:\/\/francoiserenaud.com\/terrainfragile\/wp-content\/uploads\/2026\/08\/P1220808-300x169.jpg 300w, https:\/\/francoiserenaud.com\/terrainfragile\/wp-content\/uploads\/2026\/08\/P1220808-824x464.jpg 824w, https:\/\/francoiserenaud.com\/terrainfragile\/wp-content\/uploads\/2026\/08\/P1220808-2000x1125.jpg 2000w\" sizes=\"auto, (max-width: 2560px) 100vw, 2560px\" \/><\/figure>\n\n\n\n<div style=\"height:22px\" aria-hidden=\"true\" class=\"wp-block-spacer\"><\/div>\n\n\n\n<figure class=\"wp-block-image aligncenter size-full\"><img loading=\"lazy\" decoding=\"async\" width=\"2560\" height=\"1440\" src=\"https:\/\/francoiserenaud.com\/terrainfragile\/wp-content\/uploads\/2026\/08\/P1220807.jpg\" alt=\"\" class=\"wp-image-8021\" srcset=\"https:\/\/francoiserenaud.com\/terrainfragile\/wp-content\/uploads\/2026\/08\/P1220807.jpg 2560w, https:\/\/francoiserenaud.com\/terrainfragile\/wp-content\/uploads\/2026\/08\/P1220807-300x169.jpg 300w, https:\/\/francoiserenaud.com\/terrainfragile\/wp-content\/uploads\/2026\/08\/P1220807-824x464.jpg 824w, https:\/\/francoiserenaud.com\/terrainfragile\/wp-content\/uploads\/2026\/08\/P1220807-2000x1125.jpg 2000w\" sizes=\"auto, (max-width: 2560px) 100vw, 2560px\" \/><\/figure>\n\n\n\n<div style=\"height:22px\" aria-hidden=\"true\" class=\"wp-block-spacer\"><\/div>\n\n\n\n<p class=\"wp-block-paragraph\" style=\"font-size:clamp(14.082px, 0.88rem + ((1vw - 3.2px) * 0.612), 21px);\"><strong><em>samedi 29 ao\u00fbt<\/em><\/strong><br \/>Ciel couvert. Les brebis de mon voisin paissent dans la grande parcelle o\u00f9 repousse un peu de luzerne. Elles se tournent vers moi, interrogatives. \u00ab\u00a0Paissez mes douces brebis, paissez votre content. Le champ est tout \u00e0 vous.\u00a0\u00bb <br \/>Rien d&rsquo;autre n&rsquo;arrive. Je grommelle dans mon vide d&rsquo;oiseaux.<\/p>\n\n\n\n<p class=\"wp-block-paragraph\" style=\"font-size:clamp(14.082px, 0.88rem + ((1vw - 3.2px) * 0.612), 21px);\"><strong><em>dimanche 30 ao\u00fbt<\/em><\/strong><\/p>\n\n\n\n<p class=\"has-text-align-center wp-block-paragraph\" style=\"font-size:clamp(14px, 0.875rem + ((1vw - 3.2px) * 0.531), 20px);\"><em>ce calme d&rsquo;hirondelles<\/em><br \/><em>ah mes grandes voyageuses <br \/>tout l&rsquo;hiver sans vous<\/em><\/p>\n\n\n\n<p class=\"has-text-align-left wp-block-paragraph\" style=\"font-size:clamp(14.082px, 0.88rem + ((1vw - 3.2px) * 0.612), 21px);\"><strong><em>lundi 31 ao\u00fbt<\/em><\/strong><br \/>Il faut bien trouver notre place quelque part. La mosa\u00efque des prairies et des for\u00eats peut nous servir de guide. Les communaut\u00e9s v\u00e9g\u00e9tales sont en mouvement constant pour faire face aux temp\u00eates, aux incendies, aux invasions, aux destructions. Nous autres aussi sommes en \u00e9tat transitoire entre l&rsquo;ancien et le nouveau, entre coop\u00e9ration et solitude.  <\/p>\n\n\n\n<div style=\"height:54px\" aria-hidden=\"true\" class=\"wp-block-spacer\"><\/div>\n\n\n\n<p class=\"has-text-align-center has-x-small-font-size wp-block-paragraph\"><br \/><em>Photographies \u00a9Fran\u00e7oise Renaud, Les Foug\u00e8res, ao\u00fbt 2026<\/em><\/p>\n\n\n\n<div style=\"height:22px\" aria-hidden=\"true\" class=\"wp-block-spacer\"><\/div>\n\n\n\n<figure class=\"wp-block-image alignfull size-full\"><img loading=\"lazy\" decoding=\"async\" width=\"2560\" height=\"1440\" src=\"https:\/\/francoiserenaud.com\/terrainfragile\/wp-content\/uploads\/2026\/08\/P1220777.jpg\" alt=\"\" class=\"wp-image-7942\" srcset=\"https:\/\/francoiserenaud.com\/terrainfragile\/wp-content\/uploads\/2026\/08\/P1220777.jpg 2560w, https:\/\/francoiserenaud.com\/terrainfragile\/wp-content\/uploads\/2026\/08\/P1220777-300x169.jpg 300w, https:\/\/francoiserenaud.com\/terrainfragile\/wp-content\/uploads\/2026\/08\/P1220777-824x464.jpg 824w, https:\/\/francoiserenaud.com\/terrainfragile\/wp-content\/uploads\/2026\/08\/P1220777-2000x1125.jpg 2000w\" sizes=\"auto, (max-width: 2560px) 100vw, 2560px\" \/><\/figure>\n","protected":false},"excerpt":{"rendered":"<p>samedi 1er ao\u00fbt 2026, domaine des Foug\u00e8resAu dernier jour du mois, j&rsquo;\u00e9dite le journal &#8212; un geste lib\u00e9rateur. Au matin suivant me parviennent les premiers commentaires alors que j&rsquo;ouvre une page vierge. Rien jamais ne s&rsquo;interrompt. La saison se poursuit, l&rsquo;\u00e9criture se poursuit, comme tous les matins Alba vient aux nouvelles du c\u00f4t\u00e9 de la &hellip; <\/p>\n<p class=\"link-more\"><a href=\"https:\/\/francoiserenaud.com\/terrainfragile\/terrain-fragile-journal-de-saison-mois-daout-2026\/\" class=\"more-link\">Lire la suite de<span class=\"screen-reader-text\">\u00ab\u00a0TERRAIN FRAGILE | journal de saison, mois d&rsquo;ao\u00fbt 2026\u00a0\u00bb<\/span><\/a><\/p>\n","protected":false},"author":1,"featured_media":7948,"comment_status":"open","ping_status":"open","sticky":false,"template":"","format":"standard","meta":{"footnotes":""},"categories":[762],"tags":[826,828,829,755,827,818,278],"class_list":["post-7798","post","type-post","status-publish","format-standard","has-post-thumbnail","hentry","category-carnet-de-route-2025","tag-aout","tag-changement-de-saison","tag-colere","tag-hirondelles","tag-hirondo-rustica","tag-secheresse","tag-solitude"],"_links":{"self":[{"href":"https:\/\/francoiserenaud.com\/terrainfragile\/wp-json\/wp\/v2\/posts\/7798","targetHints":{"allow":["GET"]}}],"collection":[{"href":"https:\/\/francoiserenaud.com\/terrainfragile\/wp-json\/wp\/v2\/posts"}],"about":[{"href":"https:\/\/francoiserenaud.com\/terrainfragile\/wp-json\/wp\/v2\/types\/post"}],"author":[{"embeddable":true,"href":"https:\/\/francoiserenaud.com\/terrainfragile\/wp-json\/wp\/v2\/users\/1"}],"replies":[{"embeddable":true,"href":"https:\/\/francoiserenaud.com\/terrainfragile\/wp-json\/wp\/v2\/comments?post=7798"}],"version-history":[{"count":131,"href":"https:\/\/francoiserenaud.com\/terrainfragile\/wp-json\/wp\/v2\/posts\/7798\/revisions"}],"predecessor-version":[{"id":8065,"href":"https:\/\/francoiserenaud.com\/terrainfragile\/wp-json\/wp\/v2\/posts\/7798\/revisions\/8065"}],"wp:featuredmedia":[{"embeddable":true,"href":"https:\/\/francoiserenaud.com\/terrainfragile\/wp-json\/wp\/v2\/media\/7948"}],"wp:attachment":[{"href":"https:\/\/francoiserenaud.com\/terrainfragile\/wp-json\/wp\/v2\/media?parent=7798"}],"wp:term":[{"taxonomy":"category","embeddable":true,"href":"https:\/\/francoiserenaud.com\/terrainfragile\/wp-json\/wp\/v2\/categories?post=7798"},{"taxonomy":"post_tag","embeddable":true,"href":"https:\/\/francoiserenaud.com\/terrainfragile\/wp-json\/wp\/v2\/tags?post=7798"}],"curies":[{"name":"wp","href":"https:\/\/api.w.org\/{rel}","templated":true}]}}