{"id":607,"date":"2016-07-07T13:11:09","date_gmt":"2016-07-07T13:11:09","guid":{"rendered":"http:\/\/francoiserenaud.com\/terrainfragile\/?p=607"},"modified":"2016-07-07T13:32:37","modified_gmt":"2016-07-07T13:32:37","slug":"comment-secrit-le-jardin","status":"publish","type":"post","link":"https:\/\/francoiserenaud.com\/terrainfragile\/comment-secrit-le-jardin\/","title":{"rendered":"comment s&rsquo;\u00e9crit le jardin"},"content":{"rendered":"<p><a href=\"http:\/\/francoiserenaud.com\/terrainfragile\/wp-content\/uploads\/2016\/07\/capucines_formatcarr\u00e9.jpg\" rel=\"lightbox-0\"><img loading=\"lazy\" decoding=\"async\" class=\"alignnone wp-image-596\" src=\"http:\/\/francoiserenaud.com\/terrainfragile\/wp-content\/uploads\/2016\/07\/capucines_formatcarr\u00e9-1022x1024.jpg\" alt=\"capucines_formatcarr\u00e9\" width=\"550\" height=\"551\" srcset=\"https:\/\/francoiserenaud.com\/terrainfragile\/wp-content\/uploads\/2016\/07\/capucines_formatcarr\u00e9-1022x1024.jpg 1022w, https:\/\/francoiserenaud.com\/terrainfragile\/wp-content\/uploads\/2016\/07\/capucines_formatcarr\u00e9-150x150.jpg 150w, https:\/\/francoiserenaud.com\/terrainfragile\/wp-content\/uploads\/2016\/07\/capucines_formatcarr\u00e9-300x300.jpg 300w, https:\/\/francoiserenaud.com\/terrainfragile\/wp-content\/uploads\/2016\/07\/capucines_formatcarr\u00e9-768x770.jpg 768w, https:\/\/francoiserenaud.com\/terrainfragile\/wp-content\/uploads\/2016\/07\/capucines_formatcarr\u00e9-1200x1202.jpg 1200w, https:\/\/francoiserenaud.com\/terrainfragile\/wp-content\/uploads\/2016\/07\/capucines_formatcarr\u00e9.jpg 1996w\" sizes=\"auto, (max-width: 550px) 100vw, 550px\" \/><\/a><\/p>\n<p>Fleurs, l\u00e9gumes. Je les m\u00eale au jardin. Duo \u00e9l\u00e9gant et parfait.<br \/>\nJ&rsquo;aime tellement les cultiver ensemble comme si l&rsquo;avenir \u00e9tait inscrit entre leurs sillons conjugu\u00e9s, comme s&rsquo;ils amplifiaient notre utilit\u00e9 et notre fiert\u00e9 de jardinier. Je les entoure de soin. Ils poussent l\u00e0 pas loin de moi, ils semblent \u00e0 leur place. Les r\u00e9colter pour les manger me co\u00fbte.<\/p>\n<p>Fleurs, l\u00e9gumes. Rien qu&rsquo;un graine au commencement, un petit c\u0153ur de mati\u00e8re qui ne demande qu&rsquo;\u00e0 se d\u00e9velopper. Rhizome, tubercule, fragment de tige apte \u00e0 raciner. Il suffit de peu : eau, terre, soleil en suffisance. Chaque fois je m&rsquo;\u00e9tonne de r\u00e9ussir. Une tige pointe. Puis plus vite. L&rsquo;existence s&rsquo;exprime dans la diversit\u00e9 des organes en croissance, dans la fougue des feuillages s\u2019\u00e9paississant en libert\u00e9 \u2014 que parfois je dois guider sous peine de voir mon territoire envahi. Aussi dans ces formes douces et color\u00e9es, corolles destin\u00e9es \u00e0 orner les all\u00e9es ou se muer en l\u00e9gumes.<\/p>\n<p>J&rsquo;envie le temps dont disposent les v\u00e9g\u00e9taux. J&rsquo;admire leur irr\u00e9ductibilit\u00e9. Fleurs, l\u00e9gumes, combinaisons subtiles. Dans le jardin ou dans l&rsquo;assiette. Le gracieux et l&rsquo;intime de la terre.<\/p>\n<p style=\"text-align: right;\"><em>Photographies \u00a9Fran\u00e7oise Renaud, juillet 2016<\/em><\/p>\n<p><a href=\"http:\/\/francoiserenaud.com\/terrainfragile\/wp-content\/uploads\/2016\/07\/P1020929.jpg\" rel=\"lightbox-1\"><img loading=\"lazy\" decoding=\"async\" class=\"alignnone wp-image-597\" src=\"http:\/\/francoiserenaud.com\/terrainfragile\/wp-content\/uploads\/2016\/07\/P1020929-1024x768.jpg\" alt=\"P1020929\" width=\"743\" height=\"558\" srcset=\"https:\/\/francoiserenaud.com\/terrainfragile\/wp-content\/uploads\/2016\/07\/P1020929-1024x768.jpg 1024w, https:\/\/francoiserenaud.com\/terrainfragile\/wp-content\/uploads\/2016\/07\/P1020929-300x225.jpg 300w, https:\/\/francoiserenaud.com\/terrainfragile\/wp-content\/uploads\/2016\/07\/P1020929-768x576.jpg 768w, https:\/\/francoiserenaud.com\/terrainfragile\/wp-content\/uploads\/2016\/07\/P1020929-1200x900.jpg 1200w, https:\/\/francoiserenaud.com\/terrainfragile\/wp-content\/uploads\/2016\/07\/P1020929.jpg 2048w\" sizes=\"auto, (max-width: 743px) 100vw, 743px\" \/><\/a><\/p>\n","protected":false},"excerpt":{"rendered":"<p>Fleurs, l\u00e9gumes. Je les m\u00eale au jardin. Duo \u00e9l\u00e9gant et parfait. J&rsquo;aime tellement les cultiver ensemble comme si l&rsquo;avenir \u00e9tait inscrit entre leurs sillons conjugu\u00e9s, comme s&rsquo;ils amplifiaient notre utilit\u00e9 et notre fiert\u00e9 de jardinier. Je les entoure de soin. Ils poussent l\u00e0 pas loin de moi, ils semblent \u00e0 leur place. Les r\u00e9colter pour &hellip; <\/p>\n<p class=\"link-more\"><a href=\"https:\/\/francoiserenaud.com\/terrainfragile\/comment-secrit-le-jardin\/\" class=\"more-link\">Lire la suite de<span class=\"screen-reader-text\">\u00ab\u00a0comment s&rsquo;\u00e9crit le jardin\u00a0\u00bb<\/span><\/a><\/p>\n","protected":false},"author":1,"featured_media":0,"comment_status":"open","ping_status":"open","sticky":false,"template":"","format":"standard","meta":{"footnotes":""},"categories":[46],"tags":[116,36,47,115,109,112],"class_list":["post-607","post","type-post","status-publish","format-standard","hentry","category-jardin","tag-capucines","tag-fleurs","tag-jardin","tag-legumes","tag-photographie","tag-poesie"],"_links":{"self":[{"href":"https:\/\/francoiserenaud.com\/terrainfragile\/wp-json\/wp\/v2\/posts\/607","targetHints":{"allow":["GET"]}}],"collection":[{"href":"https:\/\/francoiserenaud.com\/terrainfragile\/wp-json\/wp\/v2\/posts"}],"about":[{"href":"https:\/\/francoiserenaud.com\/terrainfragile\/wp-json\/wp\/v2\/types\/post"}],"author":[{"embeddable":true,"href":"https:\/\/francoiserenaud.com\/terrainfragile\/wp-json\/wp\/v2\/users\/1"}],"replies":[{"embeddable":true,"href":"https:\/\/francoiserenaud.com\/terrainfragile\/wp-json\/wp\/v2\/comments?post=607"}],"version-history":[{"count":2,"href":"https:\/\/francoiserenaud.com\/terrainfragile\/wp-json\/wp\/v2\/posts\/607\/revisions"}],"predecessor-version":[{"id":610,"href":"https:\/\/francoiserenaud.com\/terrainfragile\/wp-json\/wp\/v2\/posts\/607\/revisions\/610"}],"wp:attachment":[{"href":"https:\/\/francoiserenaud.com\/terrainfragile\/wp-json\/wp\/v2\/media?parent=607"}],"wp:term":[{"taxonomy":"category","embeddable":true,"href":"https:\/\/francoiserenaud.com\/terrainfragile\/wp-json\/wp\/v2\/categories?post=607"},{"taxonomy":"post_tag","embeddable":true,"href":"https:\/\/francoiserenaud.com\/terrainfragile\/wp-json\/wp\/v2\/tags?post=607"}],"curies":[{"name":"wp","href":"https:\/\/api.w.org\/{rel}","templated":true}]}}