{"id":5276,"date":"2024-07-08T17:49:10","date_gmt":"2024-07-08T16:49:10","guid":{"rendered":"https:\/\/francoiserenaud.com\/terrainfragile\/?p=5276"},"modified":"2024-07-17T09:07:56","modified_gmt":"2024-07-17T08:07:56","slug":"vies-minuscules","status":"publish","type":"post","link":"https:\/\/francoiserenaud.com\/terrainfragile\/vies-minuscules\/","title":{"rendered":"vies minuscules"},"content":{"rendered":"\n<p style=\"font-size:clamp(14px, 0.875rem + ((1vw - 3.2px) * 0.354), 18px);\">Je savais qu\u2019il \u00e9tait n\u00e9 dans ce pays et qu\u2019il habitait la ville, du moins qu\u2019il y avait habit\u00e9 \u00e0 une \u00e9poque, des faits bien loin de ma pens\u00e9e en ce jour mouvement\u00e9 de juillet o\u00f9 je parcourais les rues en compagnie d\u2019un couple d\u2019amis venus me rendre visite. Depuis le remarquable \u00e9difice du lyc\u00e9e Jourdan, on avait enfil\u00e9 la rue de la R\u00e9publique, tourn\u00e9 un peu au hasard sur la droite pour se diriger vers la ville ancienne. Les fa\u00e7ades cr\u00e9pies d\u2019ocre du petit th\u00e9\u00e2tre \u00e0 l\u2019italienne promettaient un int\u00e9rieur charmant. En voie de r\u00e9novation m\u2019avait-on dit, des fonds ayant \u00e9t\u00e9 r\u00e9cemment attribu\u00e9s pour ce projet. En dehors du Grand Caf\u00e9 aux boiseries turquoise d\u00e9j\u00e0 photographi\u00e9 au cours de l\u2019hiver et des hautes fa\u00e7ades sombres des b\u00e2timents municipaux et pr\u00e9fectoraux, je ne savais pas grand-chose du lieu, n\u2019\u00e9tant venue depuis ma campagne qu\u2019une paire de fois pour raisons administratives. Remontant \u00e0 contre-courant la rue du Prat on avait fini par rejoindre la Grand Rue pi\u00e9tonne, agr\u00e9ablement en pente. Des portes condamn\u00e9es nombreuses et des vitrines couvertes d\u2019affiches et de graffiti t\u00e9moignaient du peu d\u2019activit\u00e9 de la cit\u00e9. Ruelles quasi d\u00e9sertes. Ou alors n\u2019\u00e9tait-ce pas la bonne heure. Tout de m\u00eame quelques tables en terrasse sous de beaux arbres avec gens attabl\u00e9s pour le caf\u00e9. Tout \u00e7a jusqu\u2019\u00e0 tomber \u00e0 l\u2019angle de la rue Jules Sandeau sur une vitrine de librairie.<\/p>\n\n\n\n<p style=\"font-size:clamp(14px, 0.875rem + ((1vw - 3.2px) * 0.354), 18px);\">Jolie fa\u00e7ade d\u2019un gris doux r\u00e9cemment refaite, albums jeunesse en pr\u00e9sentation, porte ouverte aux passants. Le nom de la librairie \u00e9tait inscrit en belles lettres majuscules couleur rouille.<\/p>\n\n\n\n<p style=\"font-size:clamp(14px, 0.875rem + ((1vw - 3.2px) * 0.354), 18px);\">\u00c7a m\u2019a dr\u00f4lement secou\u00e9e, \u00e7a m\u2019a forc\u00e9e \u00e0 r\u00e9tablir le lien de fa\u00e7on forte et imm\u00e9diate entre l\u2019\u00e9crivain et la ville. La librairie portait le nom d\u2019un de ses livres les plus c\u00e9l\u00e8bres paru en 1984, son tout premier livre, un nom et un adjectif, le tout accord\u00e9 au pluriel. Ah ce livre qui lui \u00e9tait venu, huit vies, huit portraits inspir\u00e9s par ses anc\u00eatres creusois, petites gens enferm\u00e9s dans une vie \u00e2pre et sans issue. Et, repensant \u00e0 Antoine Peluchet, \u00e0 Claudette ou \u00e0 l\u2019abb\u00e9 Bandy, je voyais tr\u00e8s clairement le dessin de son cr\u00e2ne, ses joues creuses, r\u00e9inventais cette fa\u00e7on qu\u2019il avait de choisir et d\u2019articuler les mots accompagn\u00e9s par le jeu constant des mains.<\/p>\n\n\n\n<p style=\"font-size:clamp(14px, 0.875rem + ((1vw - 3.2px) * 0.354), 18px);\">On avait poursuivi jusqu\u2019\u00e0 l\u2019\u00e9glise Saint-Pierre et Saint-Paul ins\u00e9r\u00e9e dans le vieux quartier comme une pi\u00e8ce dans un puzzle. J\u2019ai lu qu\u2019elle avait \u00e9t\u00e9 reconstruite \u00e0 l\u2019emplacement d\u2019une chapelle \u00e9difi\u00e9e au XIIIe si\u00e8cle, ne conservant d\u2019elle que la premi\u00e8re trav\u00e9e de la nef et le porche sud. Et c\u2019est devant ce porche que je l\u2019ai crois\u00e9. Il \u00e9tait en compagnie d\u2019une femme et il la tenait par la taille. Ils avan\u00e7aient heureux entre les maisons orn\u00e9es de petits jardins \u00e0 la v\u00e9g\u00e9tation exub\u00e9rante. Son regard a crois\u00e9 le mien, il a hauss\u00e9 les sourcils comme si nous nous connaissions, presque \u00e9bauch\u00e9 un signe de la main. <em>Mais venez donc prendre un caf\u00e9 avec nous, l\u00e0-bas sous les arbres, c\u2019est un petit coin charmant&nbsp;!<\/em> Bien s\u00fbr que je les aurais suivis si j\u2019avais \u00e9t\u00e9 seule, nous aurions parl\u00e9 du hameau de la naissance, de la compassion, de la r\u00e9surrection. Nous aurions aussi parl\u00e9 de Madeleine, la petite morte, que nous avions finalement en commun tous les deux. Scell\u00e9es dans la pierre rose du porche, vibraient cent petites figures \u00e9rod\u00e9es par les vents et les pluies limousines. Je les avais regard\u00e9es avec intensit\u00e9. Elles semblaient si vivantes. Elles me parlaient de Madeleine.<\/p>\n\n\n\n<div style=\"height:41px\" aria-hidden=\"true\" class=\"wp-block-spacer\"><\/div>\n\n\n\n<figure class=\"wp-block-gallery aligncenter has-nested-images columns-default is-cropped wp-block-gallery-1 is-layout-flex wp-block-gallery-is-layout-flex\">\n<figure class=\"wp-block-image size-large is-style-default\"><img loading=\"lazy\" decoding=\"async\" width=\"824\" height=\"618\" data-id=\"5279\" src=\"https:\/\/francoiserenaud.com\/terrainfragile\/wp-content\/uploads\/2024\/07\/20240704_161114-824x618.jpg\" alt=\"\" class=\"wp-image-5279\" srcset=\"https:\/\/francoiserenaud.com\/terrainfragile\/wp-content\/uploads\/2024\/07\/20240704_161114-824x618.jpg 824w, https:\/\/francoiserenaud.com\/terrainfragile\/wp-content\/uploads\/2024\/07\/20240704_161114-300x225.jpg 300w, https:\/\/francoiserenaud.com\/terrainfragile\/wp-content\/uploads\/2024\/07\/20240704_161114-2000x1500.jpg 2000w\" sizes=\"auto, (max-width: 824px) 100vw, 824px\" \/><\/figure>\n<\/figure>\n\n\n\n<p class=\"has-text-align-center has-x-small-font-size\"><em> Photographies \u00a9Fran\u00e7oise Renaud<\/em>, <em>\u00e9glise Saint-Pierre et Saint-Paul<\/em>, <em>Gu\u00e9ret, 5 juillet 2024<\/em><\/p>\n","protected":false},"excerpt":{"rendered":"<p>Je savais qu\u2019il \u00e9tait n\u00e9 dans ce pays et qu\u2019il habitait la ville, du moins qu\u2019il y avait habit\u00e9 \u00e0 une \u00e9poque, des faits bien loin de ma pens\u00e9e en ce jour mouvement\u00e9 de juillet o\u00f9 je parcourais les rues en compagnie d\u2019un couple d\u2019amis venus me rendre visite. Depuis le remarquable \u00e9difice du lyc\u00e9e &hellip; <\/p>\n<p class=\"link-more\"><a href=\"https:\/\/francoiserenaud.com\/terrainfragile\/vies-minuscules\/\" class=\"more-link\">Lire la suite de<span class=\"screen-reader-text\">\u00ab\u00a0vies minuscules\u00a0\u00bb<\/span><\/a><\/p>\n","protected":false},"author":1,"featured_media":5277,"comment_status":"open","ping_status":"open","sticky":false,"template":"","format":"standard","meta":{"footnotes":""},"categories":[718],"tags":[71,729,728],"class_list":["post-5276","post","type-post","status-publish","format-standard","has-post-thumbnail","hentry","category-au-bord-du-jour-2024","tag-ecriture","tag-librairie","tag-vies-minuscules"],"_links":{"self":[{"href":"https:\/\/francoiserenaud.com\/terrainfragile\/wp-json\/wp\/v2\/posts\/5276","targetHints":{"allow":["GET"]}}],"collection":[{"href":"https:\/\/francoiserenaud.com\/terrainfragile\/wp-json\/wp\/v2\/posts"}],"about":[{"href":"https:\/\/francoiserenaud.com\/terrainfragile\/wp-json\/wp\/v2\/types\/post"}],"author":[{"embeddable":true,"href":"https:\/\/francoiserenaud.com\/terrainfragile\/wp-json\/wp\/v2\/users\/1"}],"replies":[{"embeddable":true,"href":"https:\/\/francoiserenaud.com\/terrainfragile\/wp-json\/wp\/v2\/comments?post=5276"}],"version-history":[{"count":5,"href":"https:\/\/francoiserenaud.com\/terrainfragile\/wp-json\/wp\/v2\/posts\/5276\/revisions"}],"predecessor-version":[{"id":5284,"href":"https:\/\/francoiserenaud.com\/terrainfragile\/wp-json\/wp\/v2\/posts\/5276\/revisions\/5284"}],"wp:featuredmedia":[{"embeddable":true,"href":"https:\/\/francoiserenaud.com\/terrainfragile\/wp-json\/wp\/v2\/media\/5277"}],"wp:attachment":[{"href":"https:\/\/francoiserenaud.com\/terrainfragile\/wp-json\/wp\/v2\/media?parent=5276"}],"wp:term":[{"taxonomy":"category","embeddable":true,"href":"https:\/\/francoiserenaud.com\/terrainfragile\/wp-json\/wp\/v2\/categories?post=5276"},{"taxonomy":"post_tag","embeddable":true,"href":"https:\/\/francoiserenaud.com\/terrainfragile\/wp-json\/wp\/v2\/tags?post=5276"}],"curies":[{"name":"wp","href":"https:\/\/api.w.org\/{rel}","templated":true}]}}