{"id":4818,"date":"2024-01-04T10:15:57","date_gmt":"2024-01-04T09:15:57","guid":{"rendered":"https:\/\/francoiserenaud.com\/terrainfragile\/?p=4818"},"modified":"2024-01-11T10:33:49","modified_gmt":"2024-01-11T09:33:49","slug":"la-composition-du-domaine","status":"publish","type":"post","link":"https:\/\/francoiserenaud.com\/terrainfragile\/la-composition-du-domaine\/","title":{"rendered":"la composition du domaine"},"content":{"rendered":"\n<h2 class=\"wp-block-heading\">carnet d&rsquo;installation |<em> 31 d\u00e9cembre 2023<\/em><\/h2>\n\n\n\n<div style=\"height:75px\" aria-hidden=\"true\" class=\"wp-block-spacer\"><\/div>\n\n\n\n<p style=\"font-size:clamp(14.642px, 0.915rem + ((1vw - 3.2px) * 0.651), 22px);\">Je prends pleinement conscience du lieu au terme d&rsquo;un an de vie, d&rsquo;\u00e9criture et de chantier. Je le vois d&rsquo;un horizon \u00e0 l&rsquo;autre, je vois comment il aspire la lumi\u00e8re et s&rsquo;offre aux vents. Je me penche par la fen\u00eatre. Je sens l&rsquo;hiver qui passe sur lui. Je peux d\u00e9sormais l&rsquo;appr\u00e9hender avec ses quatre hectares qui entourent le corps de ferme et ses annexes et le taillis plus loin sur la colline. La maison propose ses deux faces, l&rsquo;une reli\u00e9e \u00e0 l&rsquo;hiver avec la lumi\u00e8re basse qui remplit les fen\u00eatres, l&rsquo;autre reli\u00e9e \u00e0 l&rsquo;\u00e9t\u00e9 avec la fra\u00eecheur du flanc nord. Son potager est proche pour r\u00e9colter, prot\u00e9g\u00e9 au sud par une barri\u00e8re de lilas, \u00e0 l&rsquo;ouest par un vieux ch\u00e2taignier et d&rsquo;\u00e9pais cytises. Il b\u00e9n\u00e9ficie ainsi de la lumi\u00e8re du matin, plus douce que celle du soir. Et jamais je n&rsquo;aurais fini de l&rsquo;observer, de d\u00e9couvrir ces petits arrangements des espaces entre eux, comment ils vivent avec le ciel et l&rsquo;espace du ciel et tirent le meilleur de la terre. Les langues locales anciennes parlent certainement de ces orientations favorables \u00e0 la vie des hommes et des b\u00eates et \u00e0 la bonne croissance des plantes apr\u00e8s l&rsquo;ensemencement. Les oiseaux n&rsquo;ont rien \u00e0 craindre. Toujours \u00e0 manger pour eux. De m\u00eame les autres cr\u00e9atures qui trouvent pitance dans les for\u00eats, renards h\u00e9las traqu\u00e9s par les chasseurs pour r\u00f4der trop pr\u00e8s des poulaillers.  <\/p>\n\n\n\n<p style=\"font-size:clamp(14.642px, 0.915rem + ((1vw - 3.2px) * 0.651), 22px);\">Le projet est bien de se sentir heureux. Les travaux conduits ici ont am\u00e9lior\u00e9 la vie un peu plus. Les murs de pierre sont larges et beaux, les arbres ont du souffle et racontent des histoires. Un quotidien plus fort m&rsquo;\u00e9treint. Surtout \u00e9crire cela pour que \u00e7a dure encore, \u00e9crire tout ce qui est offert avec soin et amour pour que d&rsquo;autres le ressentent comme s&rsquo;ils y vivaient ou en tirent parti pour appr\u00e9cier leur part de paysage. Recommencer quand l&rsquo;ann\u00e9e est termin\u00e9e.  <\/p>\n\n\n\n<p style=\"font-size:clamp(14.642px, 0.915rem + ((1vw - 3.2px) * 0.651), 22px);\">Ici le monde semble tourner dans le bon sens. C&rsquo;est l&rsquo;hiver. On attend de la neige pour dimanche. <\/p>\n\n\n\n<div style=\"height:38px\" aria-hidden=\"true\" class=\"wp-block-spacer\"><\/div>\n\n\n\n<p class=\"has-text-align-center\"><em>Photographie \u00a9Fran\u00e7oise Renaud, 2023<\/em> <\/p>\n","protected":false},"excerpt":{"rendered":"<p>carnet d&rsquo;installation | 31 d\u00e9cembre 2023 Je prends pleinement conscience du lieu au terme d&rsquo;un an de vie, d&rsquo;\u00e9criture et de chantier. Je le vois d&rsquo;un horizon \u00e0 l&rsquo;autre, je vois comment il aspire la lumi\u00e8re et s&rsquo;offre aux vents. Je me penche par la fen\u00eatre. Je sens l&rsquo;hiver qui passe sur lui. Je peux &hellip; <\/p>\n<p class=\"link-more\"><a href=\"https:\/\/francoiserenaud.com\/terrainfragile\/la-composition-du-domaine\/\" class=\"more-link\">Lire la suite de<span class=\"screen-reader-text\">\u00ab\u00a0la composition du domaine\u00a0\u00bb<\/span><\/a><\/p>\n","protected":false},"author":1,"featured_media":3739,"comment_status":"open","ping_status":"open","sticky":false,"template":"","format":"standard","meta":{"footnotes":""},"categories":[480],"tags":[44,73,47,43,585],"class_list":["post-4818","post","type-post","status-publish","format-standard","has-post-thumbnail","hentry","category-carnet-dinstallation-2023","tag-creatures","tag-hiver","tag-jardin","tag-neige","tag-potager"],"_links":{"self":[{"href":"https:\/\/francoiserenaud.com\/terrainfragile\/wp-json\/wp\/v2\/posts\/4818","targetHints":{"allow":["GET"]}}],"collection":[{"href":"https:\/\/francoiserenaud.com\/terrainfragile\/wp-json\/wp\/v2\/posts"}],"about":[{"href":"https:\/\/francoiserenaud.com\/terrainfragile\/wp-json\/wp\/v2\/types\/post"}],"author":[{"embeddable":true,"href":"https:\/\/francoiserenaud.com\/terrainfragile\/wp-json\/wp\/v2\/users\/1"}],"replies":[{"embeddable":true,"href":"https:\/\/francoiserenaud.com\/terrainfragile\/wp-json\/wp\/v2\/comments?post=4818"}],"version-history":[{"count":13,"href":"https:\/\/francoiserenaud.com\/terrainfragile\/wp-json\/wp\/v2\/posts\/4818\/revisions"}],"predecessor-version":[{"id":4902,"href":"https:\/\/francoiserenaud.com\/terrainfragile\/wp-json\/wp\/v2\/posts\/4818\/revisions\/4902"}],"wp:featuredmedia":[{"embeddable":true,"href":"https:\/\/francoiserenaud.com\/terrainfragile\/wp-json\/wp\/v2\/media\/3739"}],"wp:attachment":[{"href":"https:\/\/francoiserenaud.com\/terrainfragile\/wp-json\/wp\/v2\/media?parent=4818"}],"wp:term":[{"taxonomy":"category","embeddable":true,"href":"https:\/\/francoiserenaud.com\/terrainfragile\/wp-json\/wp\/v2\/categories?post=4818"},{"taxonomy":"post_tag","embeddable":true,"href":"https:\/\/francoiserenaud.com\/terrainfragile\/wp-json\/wp\/v2\/tags?post=4818"}],"curies":[{"name":"wp","href":"https:\/\/api.w.org\/{rel}","templated":true}]}}