{"id":465,"date":"2016-04-01T07:48:13","date_gmt":"2016-04-01T07:48:13","guid":{"rendered":"http:\/\/francoiserenaud.com\/terrainfragile\/?p=465"},"modified":"2023-12-16T16:56:41","modified_gmt":"2023-12-16T15:56:41","slug":"vases-communicants-davril-2016-avec-marlen-sauvage-2","status":"publish","type":"post","link":"https:\/\/francoiserenaud.com\/terrainfragile\/vases-communicants-davril-2016-avec-marlen-sauvage-2\/","title":{"rendered":"Vases communicants d&rsquo;avril, avec Marlen Sauvage"},"content":{"rendered":"<p style=\"text-align: justify; font-size: 16px;\"><em>Pour les <strong>Vases Communicants d&rsquo;avril en hommage \u00e0 <a href=\"http:\/\/analogos.fr\/\">Francis Royo<\/a>, <\/strong>c&rsquo;est<strong> <a href=\"http:\/\/les-ateliers-du-deluge.com\/about\/\" target=\"_blank\" rel=\"noopener\">Marlen Sauvage<\/a><\/strong> que je re\u00e7ois chez moi comme sur ma terrasse au bord d&rsquo;un ruisseau face \u00e0 la montagne.<br \/>\nNous habitons presque le m\u00eame pays, par choix. Elle, la Loz\u00e8re, la C\u00e9venne des Gardons. Moi, la lisi\u00e8re sud. Nous avons eu envie d&rsquo;\u00e9crire sur quelque chose du paysage, chacune \u00e0 partir d&rsquo;une proposition photographique de l&rsquo;autre.\u00a0 Les photos propos\u00e9es nous ont guid\u00e9es vers le th\u00e8me du chemin sans que nous l&rsquo;ayons pr\u00e9m\u00e9dit\u00e9.<\/em><\/p>\n<p style=\"text-align: justify; font-size: 16px;\"><em><strong>Marlen Sauvage<\/strong> tient un blog appel\u00e9<strong> <a href=\"http:\/\/les-ateliers-du-deluge.com\/2016\/01\/08\/impasse-des-pensees\/\" target=\"_blank\" rel=\"noopener\">LES ATELIERS DU D\u00c9LUGE<\/a><\/strong>. Elle y a \u00e9crit : \u00ab\u00a0Peut-\u00eatre devait-elle se\u00a0faire \u00e0 l\u2019id\u00e9e que sa vie ne serait plus qu\u2019une succession d\u2019instants de solitude \u00e0\u00a0d\u00e9guster des olives vertes accompagn\u00e9es d\u2019un verre de vin blanc sur la terrasse d\u2019une villa, \u00e0 La Marsa ou ailleurs, sous un ciel lavande. [&#8230;] \u00ab\u00a0<\/em><br \/>\n<em> Et voici son texte \u00e0 partir d&rsquo;une de mes photographies.<\/em><br \/>\n<em>Vous trouverez le mien <strong><a href=\"http:\/\/les-ateliers-du-deluge.com\/2016\/04\/01\/surtout-ne-rien-perdre-le-vase-davril\/\" target=\"_blank\" rel=\"noopener\">ICI SUR SON BLOG<\/a><\/strong>.<\/em><\/p>\n<h2>Et te perds\u2026<\/h2>\n<p><a href=\"http:\/\/francoiserenaud.com\/terrainfragile\/wp-content\/uploads\/2016\/04\/chemin_mousse_CARRE.jpg\" rel=\"lightbox-0\"><img loading=\"lazy\" decoding=\"async\" class=\"alignnone wp-image-496\" src=\"http:\/\/francoiserenaud.com\/terrainfragile\/wp-content\/uploads\/2016\/04\/chemin_mousse_CARRE-1024x1024.jpg\" alt=\"chemin_mousse_CARRE\" width=\"594\" height=\"594\" srcset=\"https:\/\/francoiserenaud.com\/terrainfragile\/wp-content\/uploads\/2016\/04\/chemin_mousse_CARRE-1024x1024.jpg 1024w, https:\/\/francoiserenaud.com\/terrainfragile\/wp-content\/uploads\/2016\/04\/chemin_mousse_CARRE-150x150.jpg 150w, https:\/\/francoiserenaud.com\/terrainfragile\/wp-content\/uploads\/2016\/04\/chemin_mousse_CARRE-300x300.jpg 300w, https:\/\/francoiserenaud.com\/terrainfragile\/wp-content\/uploads\/2016\/04\/chemin_mousse_CARRE-768x768.jpg 768w, https:\/\/francoiserenaud.com\/terrainfragile\/wp-content\/uploads\/2016\/04\/chemin_mousse_CARRE-1200x1200.jpg 1200w, https:\/\/francoiserenaud.com\/terrainfragile\/wp-content\/uploads\/2016\/04\/chemin_mousse_CARRE.jpg 1358w\" sizes=\"auto, (max-width: 594px) 100vw, 594px\" \/><\/a><\/p>\n<p style=\"text-align: justify;\">Va va va marche cours pense renifle \u00e9coute fl\u00e2ne r\u00eavasse et te perds\u2026 inutile de conna\u00eetre la route, elle m\u00e8ne la danse, elle te m\u00e8ne, suis-l\u00e0 ; avance au gr\u00e9 du sol ton pas s\u2019y fera bien, au gr\u00e9 des feuilles avance, des foug\u00e8res au printemps de leurs crosses, \u00e0 leur rousseur, ralentis, au gr\u00e9 du temps avance, d\u2019un bout de ciel, d\u2019une lune sans halo, d\u2019un coteau chevelu de ch\u00eanes verts, d\u2019une montagne au loin prise sous la neige ; suis la route, la tienne se dessine d\u00e9j\u00e0, ne crains pas d\u2019user tes chaussures, et si les broussailles obscurcissent ton horizon, si dans les sous-bois les lianes entravent ta marche, si tu t\u2019opposes \u00e0 l\u2019imp\u00e9n\u00e9trable, adresse-toi au rouge-queue, \u00e0 la m\u00e9sange charbonni\u00e8re, aux insectes transparents, aux toiles d\u2019araign\u00e9es scintillantes, suspendues aux branchages, aux cl\u00f4tures, \u00e0 l\u2019herbe courte des prairies, aux voix dans le silence, laisse de tes cheveux dans les ronces \u00e9paisses, jette un regard aux mousses, aux minuscules coquilles d\u2019escargots blancs, empoigne les bruy\u00e8res dans leur arborescence et teste leur solidit\u00e9, elles blessent parfois, caresse les plantes grasses surgies de la faille du rocher, reconnais l\u2019\u00e9l\u00e9gance des aristoloches, coupe-toi au schiste tranchant, r\u00e9jouis-toi d\u2019un mica sur ta route.<!--more--><\/p>\n<p style=\"text-align: justify;\">Tu ne sais ce qui t\u2019attend au bout, et ton pas engag\u00e9 maintenant d\u00e9borde tous les paris du monde, tu enlaces la vie, tu la foules, brassant mille projets, mille esp\u00e9rances, mille regrets et tous les inconnus crois\u00e9s jamais nomm\u00e9s ou si mal nomm\u00e9s ; sur la draille o\u00f9 tu t\u2019\u00e9lances ton pas s\u2019allonge dans le pas des colporteurs, des bergers et des faucheurs, dans le sabot des ch\u00e8vres. Parfois la Terre penche, il suffit de se pencher aussi\u00a0; ta route grimpe, et tu te plains d\u2019\u00e9tranges souffrances dans tes muscles endoloris\u00a0; accueille la peine, la douleur, le chagrin, aussi. Le paysage garde la trace du chemin, malgr\u00e9 l\u2019infid\u00e9lit\u00e9 des hommes.<\/p>\n<p style=\"text-align: justify;\">Va va va o\u00f9 ton ombre t\u2019emporte, ne la retiens pas, \u00e9coute au loin la cloche du troupeau qui assaille la colline en face, dans le calme du ciel, \u00e9coute le tumulte de ton c\u0153ur et ta respiration tarie, surprends le tr\u00e9sor dans la couleur du soleil et dans le repos tremblant du lac \u00e0 tes pieds. Et \u00e0 la nuit, peut-\u00eatre la derni\u00e8re, ralentis le pas, surprends l\u2019air dans sa fluidit\u00e9, impr\u00e8gne-toi de la fragilit\u00e9 du monde, au bout de ta route brandis-la, haut, r\u00e9jouis-toi d\u2019\u00eatre si vuln\u00e9rable, r\u00e9jouis-toi de bient\u00f4t arriver.<\/p>\n<p style=\"text-align: right;\"><em>Photographie : Mousses, \u00a9Fran\u00e7oise Renaud, 2016<\/em><\/p>\n","protected":false},"excerpt":{"rendered":"<p>Pour les Vases Communicants d&rsquo;avril en hommage \u00e0 Francis Royo, c&rsquo;est Marlen Sauvage que je re\u00e7ois chez moi comme sur ma terrasse au bord d&rsquo;un ruisseau face \u00e0 la montagne. Nous habitons presque le m\u00eame pays, par choix. Elle, la Loz\u00e8re, la C\u00e9venne des Gardons. Moi, la lisi\u00e8re sud. Nous avons eu envie d&rsquo;\u00e9crire sur &hellip; <\/p>\n<p class=\"link-more\"><a href=\"https:\/\/francoiserenaud.com\/terrainfragile\/vases-communicants-davril-2016-avec-marlen-sauvage-2\/\" class=\"more-link\">Lire la suite de<span class=\"screen-reader-text\">\u00ab\u00a0Vases communicants d&rsquo;avril, avec Marlen Sauvage\u00a0\u00bb<\/span><\/a><\/p>\n","protected":false},"author":1,"featured_media":0,"comment_status":"open","ping_status":"open","sticky":false,"template":"","format":"standard","meta":{"footnotes":""},"categories":[65,79],"tags":[654,123,93],"class_list":["post-465","post","type-post","status-publish","format-standard","hentry","category-pays","category-vases-communicants","tag-chemins","tag-litterature","tag-marlen-sauvage"],"_links":{"self":[{"href":"https:\/\/francoiserenaud.com\/terrainfragile\/wp-json\/wp\/v2\/posts\/465","targetHints":{"allow":["GET"]}}],"collection":[{"href":"https:\/\/francoiserenaud.com\/terrainfragile\/wp-json\/wp\/v2\/posts"}],"about":[{"href":"https:\/\/francoiserenaud.com\/terrainfragile\/wp-json\/wp\/v2\/types\/post"}],"author":[{"embeddable":true,"href":"https:\/\/francoiserenaud.com\/terrainfragile\/wp-json\/wp\/v2\/users\/1"}],"replies":[{"embeddable":true,"href":"https:\/\/francoiserenaud.com\/terrainfragile\/wp-json\/wp\/v2\/comments?post=465"}],"version-history":[{"count":15,"href":"https:\/\/francoiserenaud.com\/terrainfragile\/wp-json\/wp\/v2\/posts\/465\/revisions"}],"predecessor-version":[{"id":4851,"href":"https:\/\/francoiserenaud.com\/terrainfragile\/wp-json\/wp\/v2\/posts\/465\/revisions\/4851"}],"wp:attachment":[{"href":"https:\/\/francoiserenaud.com\/terrainfragile\/wp-json\/wp\/v2\/media?parent=465"}],"wp:term":[{"taxonomy":"category","embeddable":true,"href":"https:\/\/francoiserenaud.com\/terrainfragile\/wp-json\/wp\/v2\/categories?post=465"},{"taxonomy":"post_tag","embeddable":true,"href":"https:\/\/francoiserenaud.com\/terrainfragile\/wp-json\/wp\/v2\/tags?post=465"}],"curies":[{"name":"wp","href":"https:\/\/api.w.org\/{rel}","templated":true}]}}