{"id":4384,"date":"2023-09-11T10:13:24","date_gmt":"2023-09-11T09:13:24","guid":{"rendered":"https:\/\/francoiserenaud.com\/terrainfragile\/?p=4384"},"modified":"2023-12-17T12:52:49","modified_gmt":"2023-12-17T11:52:49","slug":"la-terre-etouffe","status":"publish","type":"post","link":"https:\/\/francoiserenaud.com\/terrainfragile\/la-terre-etouffe\/","title":{"rendered":"la terre \u00e9touffe"},"content":{"rendered":"\n<h2 class=\"wp-block-heading\">carnet d&rsquo;installation |<em> 10 septembre 2023<\/em><\/h2>\n\n\n\n<div style=\"height:30px\" aria-hidden=\"true\" class=\"wp-block-spacer\"><\/div>\n\n\n\n<p style=\"font-size:clamp(14.642px, 0.915rem + ((1vw - 3.2px) * 0.651), 22px);\">inhabituel pour septembre, tout le monde le dit, le r\u00e9p\u00e8te, \u00e7a prend de l&rsquo;ampleur, pas un journal t\u00e9l\u00e9vis\u00e9 sans les deux mots <em>r\u00e9chauffement climatique<\/em> prononc\u00e9s, on est tous fatigu\u00e9s, la terre \u00e9touffe, \u00e7a br\u00fble en Gr\u00e8ce et au Canada, une s\u00e9cheresse jamais vue en Rajasthan <em>\u00ab\u00a0Je me souviens de la retenue d\u2019eau du barrage que l\u2019on traversait souvent \u00e0 la nage, de chez nous \u00e0 l\u2019\u00e9cole<\/em>, raconte Chote Lal <em>\u00bb<\/em>, suite \u00e0 quoi se d\u00e9cha\u00eeneront toutes sortes de d\u00e9gradations atmosph\u00e9riques, s&rsquo;abattront des pluies torrentielles, rugiront des typhons, tout s&rsquo;annonce ainsi qu&rsquo;on le pr\u00e9disait, on cherche des explications et on les conna\u00eet forc\u00e9ment, chacun arcbout\u00e9 sur ses pr\u00e9rogatives et ses petits privil\u00e8ges | la terre \u00e9touffe | la vie se d\u00e9roule au ralenti, plus durs chaque ann\u00e9e les al\u00e9as du climat | et je murmure ces mots au matin alors qu&rsquo;une brise encore fra\u00eeche agite les rideaux, bient\u00f4t il faudra tout fermer et attendre le miracle de la pluie pour demain ou apr\u00e8s-demain | l&rsquo;indolence nous prend dans la journ\u00e9e \u00e0 vivre dedans, je tarde le soir \u00e0 fermer le poulailler pour laisser un peu de frais rentrer parce que mes oiseaux souffrent, j&rsquo;ai recommenc\u00e9 \u00e0 leur cr\u00e9er une sorte de pataugeoire sous le grand ch\u00eane | \u00e0 l&rsquo;approche de la nuit je regarde le soleil basculer derri\u00e8re le coteau en esp\u00e9rant le changement qui viendra de l&rsquo;ouest, j&rsquo;appelle ma vieille maman dont la maison est proche de l&rsquo;Atlantique, je m&rsquo;enquiers de ce qu&rsquo;elle a bu et de ce qu&rsquo;elle a mang\u00e9 pour son souper | je repense aux p\u00e9riodes de confinement quand la loi nous gardait emprisonn\u00e9s dans nos maisons, cette fois ce sont la terre et le ciel qui commandent nos respirations, on a presque envie de prier de supplier, mais chez nous ce n&rsquo;est rien compar\u00e9 aux zones gravement sinistr\u00e9es | reste \u00e0 attendre encore un peu | reste \u00e0 se tapir dans les coins d&rsquo;ombre tout comme le font les b\u00eates sauvages<\/p>\n\n\n\n<p class=\"has-text-align-center has-small-font-size\"><em>Photographie, \u00a9Fran\u00e7oise Renaud &#8211; au verger, 2023<\/em><\/p>\n","protected":false},"excerpt":{"rendered":"<p>carnet d&rsquo;installation | 10 septembre 2023 inhabituel pour septembre, tout le monde le dit, le r\u00e9p\u00e8te, \u00e7a prend de l&rsquo;ampleur, pas un journal t\u00e9l\u00e9vis\u00e9 sans les deux mots r\u00e9chauffement climatique prononc\u00e9s, on est tous fatigu\u00e9s, la terre \u00e9touffe, \u00e7a br\u00fble en Gr\u00e8ce et au Canada, une s\u00e9cheresse jamais vue en Rajasthan \u00ab\u00a0Je me souviens de &hellip; <\/p>\n<p class=\"link-more\"><a href=\"https:\/\/francoiserenaud.com\/terrainfragile\/la-terre-etouffe\/\" class=\"more-link\">Lire la suite de<span class=\"screen-reader-text\">\u00ab\u00a0la terre \u00e9touffe\u00a0\u00bb<\/span><\/a><\/p>\n","protected":false},"author":1,"featured_media":4387,"comment_status":"open","ping_status":"open","sticky":false,"template":"","format":"standard","meta":{"footnotes":""},"categories":[480,187],"tags":[712,517,553,565,552,551,554,713],"class_list":["post-4384","post","type-post","status-publish","format-standard","has-post-thumbnail","hentry","category-carnet-dinstallation-2023","category-vegetal","tag-carnet-dinstallation-2","tag-chaleur","tag-desert","tag-ete","tag-etouffement","tag-ralenti","tag-soleil","tag-terre-et-ciel"],"_links":{"self":[{"href":"https:\/\/francoiserenaud.com\/terrainfragile\/wp-json\/wp\/v2\/posts\/4384","targetHints":{"allow":["GET"]}}],"collection":[{"href":"https:\/\/francoiserenaud.com\/terrainfragile\/wp-json\/wp\/v2\/posts"}],"about":[{"href":"https:\/\/francoiserenaud.com\/terrainfragile\/wp-json\/wp\/v2\/types\/post"}],"author":[{"embeddable":true,"href":"https:\/\/francoiserenaud.com\/terrainfragile\/wp-json\/wp\/v2\/users\/1"}],"replies":[{"embeddable":true,"href":"https:\/\/francoiserenaud.com\/terrainfragile\/wp-json\/wp\/v2\/comments?post=4384"}],"version-history":[{"count":4,"href":"https:\/\/francoiserenaud.com\/terrainfragile\/wp-json\/wp\/v2\/posts\/4384\/revisions"}],"predecessor-version":[{"id":4827,"href":"https:\/\/francoiserenaud.com\/terrainfragile\/wp-json\/wp\/v2\/posts\/4384\/revisions\/4827"}],"wp:featuredmedia":[{"embeddable":true,"href":"https:\/\/francoiserenaud.com\/terrainfragile\/wp-json\/wp\/v2\/media\/4387"}],"wp:attachment":[{"href":"https:\/\/francoiserenaud.com\/terrainfragile\/wp-json\/wp\/v2\/media?parent=4384"}],"wp:term":[{"taxonomy":"category","embeddable":true,"href":"https:\/\/francoiserenaud.com\/terrainfragile\/wp-json\/wp\/v2\/categories?post=4384"},{"taxonomy":"post_tag","embeddable":true,"href":"https:\/\/francoiserenaud.com\/terrainfragile\/wp-json\/wp\/v2\/tags?post=4384"}],"curies":[{"name":"wp","href":"https:\/\/api.w.org\/{rel}","templated":true}]}}