{"id":4066,"date":"2023-05-23T09:19:16","date_gmt":"2023-05-23T08:19:16","guid":{"rendered":"https:\/\/francoiserenaud.com\/terrainfragile\/?p=4066"},"modified":"2023-12-16T16:28:26","modified_gmt":"2023-12-16T15:28:26","slug":"motifs-luzerne","status":"publish","type":"post","link":"https:\/\/francoiserenaud.com\/terrainfragile\/motifs-luzerne\/","title":{"rendered":"motifs luzerne"},"content":{"rendered":"\n<h2 class=\"wp-block-heading\">carnet d&rsquo;installation |<em> 21 mai 2023<\/em><\/h2>\n\n\n\n<div style=\"height:30px\" aria-hidden=\"true\" class=\"wp-block-spacer\"><\/div>\n\n\n\n<p style=\"font-size:clamp(14.642px, 0.915rem + ((1vw - 3.2px) * 0.651), 22px);\">| rien vu rien entendu, soudain le soir le champ d&rsquo;en face s&rsquo;\u00e9tait retrouv\u00e9 chang\u00e9, l&rsquo;herbe fourrag\u00e8re par terre | toute coup\u00e9e | et on n&rsquo;avait rien entendu rien remarqu\u00e9 | <em>tu as vu ? le champ de l&rsquo;autre c\u00f4t\u00e9, il a \u00e9t\u00e9 fauch\u00e9, l&rsquo;ami de la Grande Faye a d\u00fb passer<\/em> | le lendemain le tracteur jaune et vert est revenu au milieu de l&rsquo;apr\u00e8s-midi, dr\u00f4lement nerveux, rapide, avec \u00e0 la man\u0153uvre une petite silhouette bondissante \u00e0 l&rsquo;int\u00e9rieur de la cabine  &#8212; a priori une femme, sans doute la femme de la Grande Faye | de loin elle a fait un signe de la main, visiblement press\u00e9e, pas le loisir de discuter, la course apr\u00e8s le temps la m\u00e9t\u00e9o, surtout couper remuer balloter avant que la pluie vienne | et c&rsquo;est vrai qu&rsquo;elle en a mis du c\u0153ur \u00e0 sillonner toute la surface, retournant avec son attelage-r\u00e2teau la mati\u00e8re de luzerne si l\u00e9g\u00e8re d\u00e9j\u00e0 jaunie en peu d&rsquo;heures, alors dessinant des motifs \u00e9ph\u00e9m\u00e8res sur le coteau | alternance vert s\u00e9ch\u00e9 jaune grill\u00e9, vert s\u00e9ch\u00e9 jaune grill\u00e9 | et \u00e7a lui allait dr\u00f4lement bien \u00e0 elle, la femme en pull jaune de la Grande Faye qui en fait habite le Grand Neyrat, bondissante et menue, de dessiner comme \u00e7a le plancher du paysage avec son engin \u00e0 la fa\u00e7on d&rsquo;un pinceau-gomme sur un \u00e9cran d&rsquo;ordinateur | <\/p>\n\n\n\n<p style=\"font-size:clamp(14.642px, 0.915rem + ((1vw - 3.2px) * 0.651), 22px);\">| vent favorable, lumi\u00e8re douce sur les \u00eelots d&rsquo;herbe odorante d\u00e9sormais priv\u00e9e des murmures du vent |<\/p>\n\n\n\n<p style=\"font-size:clamp(14.642px, 0.915rem + ((1vw - 3.2px) * 0.651), 22px);\">| en fait tout est all\u00e9 bien vite dans la saison, la croissance de la luzerne, le fauchage, l&rsquo;a\u00e9ration, l&#8217;emballage en rouleaux pr\u00eats \u00e0 embarquer sur remorque pour attendre la prochaine saison d&rsquo;hiver \u00e0 l&rsquo;abri, plus tard \u00eatre mang\u00e9e par les b\u00eates limousines \u00e0 l&rsquo;\u00e9table | je n&rsquo;aurais pas cru | plus rapide que la croissance des fruits ou celle des roses tr\u00e9mi\u00e8res que je guette au fil d&rsquo;un vieux mur |<\/p>\n\n\n\n<div style=\"height:30px\" aria-hidden=\"true\" class=\"wp-block-spacer\"><\/div>\n\n\n\n<p class=\"has-text-align-center has-small-font-size\"><em>Photographie \u00a9Fran\u00e7oise Renaud &#8211; dans mon champ, mai 2023<\/em><\/p>\n","protected":false},"excerpt":{"rendered":"<p>carnet d&rsquo;installation | 21 mai 2023 | rien vu rien entendu, soudain le soir le champ d&rsquo;en face s&rsquo;\u00e9tait retrouv\u00e9 chang\u00e9, l&rsquo;herbe fourrag\u00e8re par terre | toute coup\u00e9e | et on n&rsquo;avait rien entendu rien remarqu\u00e9 | tu as vu ? le champ de l&rsquo;autre c\u00f4t\u00e9, il a \u00e9t\u00e9 fauch\u00e9, l&rsquo;ami de la Grande Faye &hellip; <\/p>\n<p class=\"link-more\"><a href=\"https:\/\/francoiserenaud.com\/terrainfragile\/motifs-luzerne\/\" class=\"more-link\">Lire la suite de<span class=\"screen-reader-text\">\u00ab\u00a0motifs luzerne\u00a0\u00bb<\/span><\/a><\/p>\n","protected":false},"author":1,"featured_media":4073,"comment_status":"open","ping_status":"open","sticky":false,"template":"","format":"standard","meta":{"footnotes":""},"categories":[480,46,52],"tags":[487,565,579,578,491,577,465,567,66],"class_list":["post-4066","post","type-post","status-publish","format-standard","has-post-thumbnail","hentry","category-carnet-dinstallation-2023","category-jardin","category-terre","tag-champ","tag-ete","tag-fruits","tag-lumiere-douce","tag-luzerne","tag-motifs","tag-paysage","tag-recoltes","tag-saison"],"_links":{"self":[{"href":"https:\/\/francoiserenaud.com\/terrainfragile\/wp-json\/wp\/v2\/posts\/4066","targetHints":{"allow":["GET"]}}],"collection":[{"href":"https:\/\/francoiserenaud.com\/terrainfragile\/wp-json\/wp\/v2\/posts"}],"about":[{"href":"https:\/\/francoiserenaud.com\/terrainfragile\/wp-json\/wp\/v2\/types\/post"}],"author":[{"embeddable":true,"href":"https:\/\/francoiserenaud.com\/terrainfragile\/wp-json\/wp\/v2\/users\/1"}],"replies":[{"embeddable":true,"href":"https:\/\/francoiserenaud.com\/terrainfragile\/wp-json\/wp\/v2\/comments?post=4066"}],"version-history":[{"count":12,"href":"https:\/\/francoiserenaud.com\/terrainfragile\/wp-json\/wp\/v2\/posts\/4066\/revisions"}],"predecessor-version":[{"id":4171,"href":"https:\/\/francoiserenaud.com\/terrainfragile\/wp-json\/wp\/v2\/posts\/4066\/revisions\/4171"}],"wp:featuredmedia":[{"embeddable":true,"href":"https:\/\/francoiserenaud.com\/terrainfragile\/wp-json\/wp\/v2\/media\/4073"}],"wp:attachment":[{"href":"https:\/\/francoiserenaud.com\/terrainfragile\/wp-json\/wp\/v2\/media?parent=4066"}],"wp:term":[{"taxonomy":"category","embeddable":true,"href":"https:\/\/francoiserenaud.com\/terrainfragile\/wp-json\/wp\/v2\/categories?post=4066"},{"taxonomy":"post_tag","embeddable":true,"href":"https:\/\/francoiserenaud.com\/terrainfragile\/wp-json\/wp\/v2\/tags?post=4066"}],"curies":[{"name":"wp","href":"https:\/\/api.w.org\/{rel}","templated":true}]}}