{"id":3874,"date":"2023-02-28T10:10:59","date_gmt":"2023-02-28T09:10:59","guid":{"rendered":"https:\/\/francoiserenaud.com\/terrainfragile\/?p=3874"},"modified":"2023-12-16T16:34:28","modified_gmt":"2023-12-16T15:34:28","slug":"dessiner-le-domaine","status":"publish","type":"post","link":"https:\/\/francoiserenaud.com\/terrainfragile\/dessiner-le-domaine\/","title":{"rendered":"dessiner le domaine"},"content":{"rendered":"\n<h3 class=\"wp-block-heading\">carnet d&rsquo;installation | <em>28 f\u00e9vrier 2023<\/em><\/h3>\n\n\n\n<div style=\"height:30px\" aria-hidden=\"true\" class=\"wp-block-spacer\"><\/div>\n\n\n\n<p style=\"font-size:clamp(14.642px, 0.915rem + ((1vw - 3.2px) * 0.651), 22px);\">Je m&rsquo;en suis d\u00e9j\u00e0 retourn\u00e9e vers mes champs et mes petites for\u00eats &#8212; si je m&rsquo;autorise l&rsquo;usage du possessif, c&rsquo;est bien qu&rsquo;une part d&rsquo;eux m&rsquo;appartient d\u00e9j\u00e0 un tout petit peu, du moins \u00e0 mon imaginaire &#8212; et ce matin apr\u00e8s le lever du volet, la lumi\u00e8re est apparue tr\u00e8s progressivement, on aurait dit que quelqu&rsquo;un l&rsquo;activait d\u00e9licatement \u00e0 partir d&rsquo;un bouton de console. Ensuite il y a eu de longues bandes de nuages blancs en couches superpos\u00e9es jusqu&rsquo;en haut du ciel, r\u00e9pandant une douce incandescence. J&rsquo;observe encore le mouvement quasi reptilien des nu\u00e9es depuis la chambre, toute occup\u00e9e par la lumi\u00e8re, avant de redessiner le domaine \u00e0 partir du grand ch\u00e2taignier, impressionnante silhouette d\u00e9pouill\u00e9e dont j&rsquo;attends le repeuplement en bourgeons et en oiseaux. \u00c0 son pied, ce vieux clapier d\u00e9labr\u00e9 qui servira de range-outils une fois retap\u00e9 &#8212; suis bien incapable d&rsquo;\u00e9lever des lapins pour les tuer quand bien m\u00eame la famine se serait d\u00e9velopp\u00e9e sur nos terres, je pr\u00e9f\u00e9rerais manger des racines, m&rsquo;accrochant \u00e0 mon insatiable volont\u00e9 d&rsquo;exister autrement. Le futur potager est encore en herbe jusqu&rsquo;\u00e0 la maison, l&rsquo;hiver n&rsquo;est pas fini, et la butte o\u00f9 gambadait la biche il y a une poign\u00e9e de jours est dure de gel. Depuis le ch\u00e2taignier, je rejoins en pens\u00e9e les b\u00e2timents par derri\u00e8re, visualise le fil \u00e0 linge et les petits monticules de terre brune \u00e9ject\u00e9e en fin d&rsquo;\u00e9t\u00e9 par des taupes en transit, accomplis une boucle du c\u00f4t\u00e9 des gen\u00eats pouss\u00e9s en d\u00e9sordre, jette un \u0153il \u00e0 la ferme voisine derri\u00e8re le rideau d&rsquo;arbres avant de redescendre par le chemin aux hortensias br\u00fbl\u00e9s jusqu&rsquo;\u00e0 la terrasse d\u00e9serte. Sans doute ai-je r\u00e9ajust\u00e9 int\u00e9rieurement mon appr\u00e9hension des surfaces, car d\u00e9sormais quelques hectares me paraissent bien n\u00e9cessaires autour d&rsquo;un lieu de vie pour se sentir en accord avec quelque chose de l&rsquo;ordre de la nature, acc\u00e9der \u00e0 son grand labyrinthe sit\u00f4t franchi le porche de la demeure.<\/p>\n\n\n\n<p class=\"has-text-align-center has-small-font-size\"><em>Photographie Fran\u00e7oise Renaud\u00a9<\/em> &#8211; 2023<\/p>\n","protected":false},"excerpt":{"rendered":"<p>carnet d&rsquo;installation | 28 f\u00e9vrier 2023 Je m&rsquo;en suis d\u00e9j\u00e0 retourn\u00e9e vers mes champs et mes petites for\u00eats &#8212; si je m&rsquo;autorise l&rsquo;usage du possessif, c&rsquo;est bien qu&rsquo;une part d&rsquo;eux m&rsquo;appartient d\u00e9j\u00e0 un tout petit peu, du moins \u00e0 mon imaginaire &#8212; et ce matin apr\u00e8s le lever du volet, la lumi\u00e8re est apparue tr\u00e8s &hellip; <\/p>\n<p class=\"link-more\"><a href=\"https:\/\/francoiserenaud.com\/terrainfragile\/dessiner-le-domaine\/\" class=\"more-link\">Lire la suite de<span class=\"screen-reader-text\">\u00ab\u00a0dessiner le domaine\u00a0\u00bb<\/span><\/a><\/p>\n","protected":false},"author":1,"featured_media":3885,"comment_status":"open","ping_status":"open","sticky":false,"template":"","format":"standard","meta":{"footnotes":""},"categories":[480],"tags":[605,54,73,127,606],"class_list":["post-3874","post","type-post","status-publish","format-standard","has-post-thumbnail","hentry","category-carnet-dinstallation-2023","tag-domaine","tag-ecrire","tag-hiver","tag-nature","tag-nuages"],"_links":{"self":[{"href":"https:\/\/francoiserenaud.com\/terrainfragile\/wp-json\/wp\/v2\/posts\/3874","targetHints":{"allow":["GET"]}}],"collection":[{"href":"https:\/\/francoiserenaud.com\/terrainfragile\/wp-json\/wp\/v2\/posts"}],"about":[{"href":"https:\/\/francoiserenaud.com\/terrainfragile\/wp-json\/wp\/v2\/types\/post"}],"author":[{"embeddable":true,"href":"https:\/\/francoiserenaud.com\/terrainfragile\/wp-json\/wp\/v2\/users\/1"}],"replies":[{"embeddable":true,"href":"https:\/\/francoiserenaud.com\/terrainfragile\/wp-json\/wp\/v2\/comments?post=3874"}],"version-history":[{"count":10,"href":"https:\/\/francoiserenaud.com\/terrainfragile\/wp-json\/wp\/v2\/posts\/3874\/revisions"}],"predecessor-version":[{"id":4098,"href":"https:\/\/francoiserenaud.com\/terrainfragile\/wp-json\/wp\/v2\/posts\/3874\/revisions\/4098"}],"wp:featuredmedia":[{"embeddable":true,"href":"https:\/\/francoiserenaud.com\/terrainfragile\/wp-json\/wp\/v2\/media\/3885"}],"wp:attachment":[{"href":"https:\/\/francoiserenaud.com\/terrainfragile\/wp-json\/wp\/v2\/media?parent=3874"}],"wp:term":[{"taxonomy":"category","embeddable":true,"href":"https:\/\/francoiserenaud.com\/terrainfragile\/wp-json\/wp\/v2\/categories?post=3874"},{"taxonomy":"post_tag","embeddable":true,"href":"https:\/\/francoiserenaud.com\/terrainfragile\/wp-json\/wp\/v2\/tags?post=3874"}],"curies":[{"name":"wp","href":"https:\/\/api.w.org\/{rel}","templated":true}]}}