{"id":3532,"date":"2022-08-13T07:52:16","date_gmt":"2022-08-13T07:52:16","guid":{"rendered":"https:\/\/francoiserenaud.com\/terrainfragile\/?p=3532"},"modified":"2022-08-13T16:34:20","modified_gmt":"2022-08-13T16:34:20","slug":"attente-a-son-comble","status":"publish","type":"post","link":"https:\/\/francoiserenaud.com\/terrainfragile\/attente-a-son-comble\/","title":{"rendered":"attente \u00e0 son comble"},"content":{"rendered":"\n<p><\/p>\n\n\n\n<p style=\"font-size:clamp(14px, 0.875rem + ((1vw - 3.2px) * 0.442), 19px);\">corps comme vid\u00e9 pi\u00e9tin\u00e9 massacr\u00e9<\/p>\n\n\n\n<p>ce soleil<\/p>\n\n\n\n<p>cet air sec qui harasse et br\u00fble l&rsquo;herbe et la peau des plantes<\/p>\n\n\n\n<p style=\"font-size:clamp(14px, 0.875rem + ((1vw - 3.2px) * 0.442), 19px);\">et \u00e7a n&rsquo;en finit pas, on nous l&rsquo;avait pr\u00e9dit, c&rsquo;est arriv\u00e9, \u00e7a se passe depuis des jours, combien de jours confin\u00e9s dans l&rsquo;ombre des maisons sit\u00f4t que l&rsquo;astre a d\u00e9pass\u00e9 la cime des arbres et la cr\u00eate des versants, terr\u00e9s comme si dehors il y avait la guerre, plus de frais au matin pour reprendre ses esprits, la marche \u00e0 petits pas serr\u00e9s sous un chapeau de paille pour aller voir ce qui se passe au fond du jardin, plus grand chose sinon le dess\u00e8chement programm\u00e9 des plants de l\u00e9gumes qui par d\u00e9cret n&rsquo;ont plus l&rsquo;autorisation d&rsquo;\u00eatre arros\u00e9s, assister \u00e0 la mort lente, assister \u00e0 la fin, je ne peux m&#8217;emp\u00eacher de penser \u00e0 l&rsquo;ami Jean-Luc parti il y a quelques mois qui aurait trouv\u00e9 sens en cet \u00e9v\u00e9nement et aurait dit les mots qu&rsquo;il fallait, apaisants d\u00e9tach\u00e9s, il aurait dit : voil\u00e0 la terre qui se venge, les hommes ont oubli\u00e9 qu&rsquo;elle \u00e9tait leur berceau, leur havre, leur bien, leur ressource, leur capacit\u00e9 au bonheur, il aurait parl\u00e9 de la conscience qu&rsquo;on a ou qu&rsquo;on n&rsquo;a pas du pr\u00e9sent, des diamants qu&rsquo;on retient dans la paume de la main et qu&rsquo;on s&rsquo;appr\u00eate \u00e0 jeter dans la fournaise<\/p>\n\n\n\n<p>maintenant corps bris\u00e9 et dedans l&rsquo;\u00e2me \u00e9clat\u00e9e &#8212; de quelle fa\u00e7on continuer ?<\/p>\n\n\n\n<p style=\"font-size:clamp(14px, 0.875rem + ((1vw - 3.2px) * 0.442), 19px);\">ce soleil<\/p>\n\n\n\n<p>les fa\u00e7ades br\u00fblantes, l&rsquo;odeur des incendies qui se propagent vers l&rsquo;est, r\u00e9sine et k\u00e9ros\u00e8ne br\u00fbl\u00e9 rappelant les odeurs de tarmac africain, on r\u00eave d&rsquo;Islande, d&rsquo;un tapis de mousses sur un vieux mur de pierre, on \u00e9coute les pr\u00e9visions, on \u00e9pie le ciel et les ombres et le vent<\/p>\n\n\n\n<p>on attend, c&rsquo;est pour ce soir ou pour demain<\/p>\n","protected":false},"excerpt":{"rendered":"<p>corps comme vid\u00e9 pi\u00e9tin\u00e9 massacr\u00e9 ce soleil cet air sec qui harasse et br\u00fble l&rsquo;herbe et la peau des plantes et \u00e7a n&rsquo;en finit pas, on nous l&rsquo;avait pr\u00e9dit, c&rsquo;est arriv\u00e9, \u00e7a se passe depuis des jours, combien de jours confin\u00e9s dans l&rsquo;ombre des maisons sit\u00f4t que l&rsquo;astre a d\u00e9pass\u00e9 la cime des arbres et &hellip; <\/p>\n<p class=\"link-more\"><a href=\"https:\/\/francoiserenaud.com\/terrainfragile\/attente-a-son-comble\/\" class=\"more-link\">Lire la suite de<span class=\"screen-reader-text\">\u00ab\u00a0attente \u00e0 son comble\u00a0\u00bb<\/span><\/a><\/p>\n","protected":false},"author":1,"featured_media":3534,"comment_status":"open","ping_status":"open","sticky":false,"template":"","format":"standard","meta":{"footnotes":""},"categories":[18,17],"tags":[],"class_list":["post-3532","post","type-post","status-publish","format-standard","has-post-thumbnail","hentry","category-corps","category-ecriture"],"_links":{"self":[{"href":"https:\/\/francoiserenaud.com\/terrainfragile\/wp-json\/wp\/v2\/posts\/3532","targetHints":{"allow":["GET"]}}],"collection":[{"href":"https:\/\/francoiserenaud.com\/terrainfragile\/wp-json\/wp\/v2\/posts"}],"about":[{"href":"https:\/\/francoiserenaud.com\/terrainfragile\/wp-json\/wp\/v2\/types\/post"}],"author":[{"embeddable":true,"href":"https:\/\/francoiserenaud.com\/terrainfragile\/wp-json\/wp\/v2\/users\/1"}],"replies":[{"embeddable":true,"href":"https:\/\/francoiserenaud.com\/terrainfragile\/wp-json\/wp\/v2\/comments?post=3532"}],"version-history":[{"count":5,"href":"https:\/\/francoiserenaud.com\/terrainfragile\/wp-json\/wp\/v2\/posts\/3532\/revisions"}],"predecessor-version":[{"id":3538,"href":"https:\/\/francoiserenaud.com\/terrainfragile\/wp-json\/wp\/v2\/posts\/3532\/revisions\/3538"}],"wp:featuredmedia":[{"embeddable":true,"href":"https:\/\/francoiserenaud.com\/terrainfragile\/wp-json\/wp\/v2\/media\/3534"}],"wp:attachment":[{"href":"https:\/\/francoiserenaud.com\/terrainfragile\/wp-json\/wp\/v2\/media?parent=3532"}],"wp:term":[{"taxonomy":"category","embeddable":true,"href":"https:\/\/francoiserenaud.com\/terrainfragile\/wp-json\/wp\/v2\/categories?post=3532"},{"taxonomy":"post_tag","embeddable":true,"href":"https:\/\/francoiserenaud.com\/terrainfragile\/wp-json\/wp\/v2\/tags?post=3532"}],"curies":[{"name":"wp","href":"https:\/\/api.w.org\/{rel}","templated":true}]}}