{"id":1007,"date":"2017-02-12T12:37:46","date_gmt":"2017-02-12T12:37:46","guid":{"rendered":"http:\/\/francoiserenaud.com\/terrainfragile\/?p=1007"},"modified":"2017-02-25T14:40:32","modified_gmt":"2017-02-25T14:40:32","slug":"lettre-a-mon-pere","status":"publish","type":"post","link":"https:\/\/francoiserenaud.com\/terrainfragile\/lettre-a-mon-pere\/","title":{"rendered":"lettre \u00e0 mon p\u00e8re"},"content":{"rendered":"<p style=\"text-align: justify;\"><a href=\"http:\/\/francoiserenaud.com\/terrainfragile\/wp-content\/uploads\/2017\/02\/07-p7.jpg\" rel=\"lightbox-0\"><img loading=\"lazy\" decoding=\"async\" class=\"alignnone wp-image-1009\" src=\"http:\/\/francoiserenaud.com\/terrainfragile\/wp-content\/uploads\/2017\/02\/07-p7-768x1024.jpg\" alt=\"\" width=\"494\" height=\"658\" srcset=\"https:\/\/francoiserenaud.com\/terrainfragile\/wp-content\/uploads\/2017\/02\/07-p7-768x1024.jpg 768w, https:\/\/francoiserenaud.com\/terrainfragile\/wp-content\/uploads\/2017\/02\/07-p7-225x300.jpg 225w, https:\/\/francoiserenaud.com\/terrainfragile\/wp-content\/uploads\/2017\/02\/07-p7.jpg 1000w\" sizes=\"auto, (max-width: 494px) 100vw, 494px\" \/><\/a><\/p>\n<p style=\"text-align: justify;\">Cher petit papa,<\/p>\n<p style=\"text-align: justify;\">Voici la derni\u00e8re lettre que je t\u2019\u00e9cris pour t\u2019accompagner dans ton voyage au-del\u00e0 des fronti\u00e8res. Les souvenirs affluent en moi, d\u00e9j\u00e0. Ils me poignardent, en m\u00eame temps secouent la vie et l\u2019amour que j\u2019ai toujours eu pour toi.<\/p>\n<p style=\"text-align: justify;\">Je me souviens.<\/p>\n<p style=\"text-align: justify;\">Je me souviens de la f\u00eate au village.<br \/>\nNous glissions en auto tamponneuse sur la piste lustr\u00e9e et ton bras enla\u00e7ait mes \u00e9paules\u00a0 pour me prot\u00e9ger des chocs violents.<br \/>\nJe me souviens que tu jouais certains airs \u00e0 la trompette\u00a0: <em>La mer qu\u2019on voit danser<\/em> ou <em>Petite fleur de Java<\/em>, partitions en lambeaux juch\u00e9es sur le pupitre m\u00e9tallique aupr\u00e8s du radiateur.<br \/>\nJe me souviens que tu me pr\u00e9sentais aux gens en disant\u00a0: la fille, ce qui laissait entendre qu\u2019il avait \u00e9galement un fils. Je me souviens du mot \u00e9pissure que tu m\u2019avais appris alors que tu r\u00e9parais une corde. D\u2019un pique-nique dans la pin\u00e8de de Saint-Br\u00e9vin. D\u2019une partie de p\u00eache \u00e0 Pr\u00e9failles. Et si je ne peux citer tous ces menus moments ranim\u00e9s \u00e0 force de fouille, je peux dire \u00e0 quel point ils ont compt\u00e9 pour moi \u2013 pour toi aussi sans doute, une chose que je ne saurais jamais. Ils sont comme des parapets auxquels aujourd\u2019hui je m\u2019appuie, des soleils auxquels je me chauffe, et leur assemblage pourrait finir par constituer une sorte de halo \u00e9tincelant autour de ta figure de p\u00e8re.<\/p>\n<p style=\"text-align: justify;\">Toi et moi, nous avons toujours partag\u00e9 un go\u00fbt certain pour le jardin, pour le vent d\u2019ouest et la mer dans tous ses \u00e9tats. \u00c0 jamais nous partagerons le m\u00eame port d\u2019attache.<\/p>\n<p style=\"text-align: justify;\">Mais l\u2019histoire s\u2019\u00e9crit \u00e0 partir du pr\u00e9sent.<\/p>\n<p style=\"text-align: justify;\">Au revoir, mon papa.<\/p>\n<p style=\"text-align: right; font-size: 15px;\"><em>Texte lu lors de ses fun\u00e9railles en l&rsquo;\u00e9glise de Sainte Marie sur\/mer le samedi 4 f\u00e9vrier 2017<\/em><br \/>\n<em> Photographie : Fran\u00e7oise Renaud<\/em><\/p>\n<p>&nbsp;<\/p>\n","protected":false},"excerpt":{"rendered":"<p>Cher petit papa, Voici la derni\u00e8re lettre que je t\u2019\u00e9cris pour t\u2019accompagner dans ton voyage au-del\u00e0 des fronti\u00e8res. Les souvenirs affluent en moi, d\u00e9j\u00e0. Ils me poignardent, en m\u00eame temps secouent la vie et l\u2019amour que j\u2019ai toujours eu pour toi. Je me souviens. Je me souviens de la f\u00eate au village. Nous glissions en &hellip; <\/p>\n<p class=\"link-more\"><a href=\"https:\/\/francoiserenaud.com\/terrainfragile\/lettre-a-mon-pere\/\" class=\"more-link\">Lire la suite de<span class=\"screen-reader-text\">\u00ab\u00a0lettre \u00e0 mon p\u00e8re\u00a0\u00bb<\/span><\/a><\/p>\n","protected":false},"author":1,"featured_media":0,"comment_status":"open","ping_status":"open","sticky":false,"template":"","format":"standard","meta":{"footnotes":""},"categories":[18,16,14,65],"tags":[],"class_list":["post-1007","post","type-post","status-publish","format-standard","hentry","category-corps","category-enfance","category-famille","category-pays"],"_links":{"self":[{"href":"https:\/\/francoiserenaud.com\/terrainfragile\/wp-json\/wp\/v2\/posts\/1007","targetHints":{"allow":["GET"]}}],"collection":[{"href":"https:\/\/francoiserenaud.com\/terrainfragile\/wp-json\/wp\/v2\/posts"}],"about":[{"href":"https:\/\/francoiserenaud.com\/terrainfragile\/wp-json\/wp\/v2\/types\/post"}],"author":[{"embeddable":true,"href":"https:\/\/francoiserenaud.com\/terrainfragile\/wp-json\/wp\/v2\/users\/1"}],"replies":[{"embeddable":true,"href":"https:\/\/francoiserenaud.com\/terrainfragile\/wp-json\/wp\/v2\/comments?post=1007"}],"version-history":[{"count":6,"href":"https:\/\/francoiserenaud.com\/terrainfragile\/wp-json\/wp\/v2\/posts\/1007\/revisions"}],"predecessor-version":[{"id":1021,"href":"https:\/\/francoiserenaud.com\/terrainfragile\/wp-json\/wp\/v2\/posts\/1007\/revisions\/1021"}],"wp:attachment":[{"href":"https:\/\/francoiserenaud.com\/terrainfragile\/wp-json\/wp\/v2\/media?parent=1007"}],"wp:term":[{"taxonomy":"category","embeddable":true,"href":"https:\/\/francoiserenaud.com\/terrainfragile\/wp-json\/wp\/v2\/categories?post=1007"},{"taxonomy":"post_tag","embeddable":true,"href":"https:\/\/francoiserenaud.com\/terrainfragile\/wp-json\/wp\/v2\/tags?post=1007"}],"curies":[{"name":"wp","href":"https:\/\/api.w.org\/{rel}","templated":true}]}}